{"id":102,"date":"2015-07-16T00:24:35","date_gmt":"2015-07-15T23:24:35","guid":{"rendered":"http:\/\/www.ecoutetoirever.fr\/blog\/?p=102"},"modified":"2016-03-27T22:56:12","modified_gmt":"2016-03-27T20:56:12","slug":"quand-un-admin-a-besoin-de-plus-de-reseau","status":"publish","type":"post","link":"https:\/\/www.ecoutetoirever.fr\/blog\/quand-un-admin-a-besoin-de-plus-de-reseau\/","title":{"rendered":"Quand un admin a besoin de plus de r\u00e9seau&#8230;"},"content":{"rendered":"<p>Vous \u00eates plusieurs \u00e0 me demander de raconter un r\u00eave. Parmi les plus r\u00e9cents et dans la cat\u00e9gorie dr\u00f4le, en voici un.<br \/>\nTout d&rsquo;abord, quelques petites d\u00e9finitions pour les non-initi\u00e9s \u00e0 l&rsquo;informatique.<br \/>\nAdmin = Administrateur r\u00e9seau<br \/>\nR\u00e9seau = r\u00e9seau wifi<\/p>\n<p><a href=\"http:\/\/www.ecoutetoirever.fr\/blog\/wp-content\/uploads\/2015\/07\/collier.jpg\"><img loading=\"lazy\" decoding=\"async\" class=\" size-medium wp-image-103 alignleft\" src=\"http:\/\/www.ecoutetoirever.fr\/blog\/wp-content\/uploads\/2015\/07\/collier-206x300.jpg\" alt=\"collier\" width=\"206\" height=\"300\" srcset=\"https:\/\/www.ecoutetoirever.fr\/blog\/wp-content\/uploads\/2015\/07\/collier-206x300.jpg 206w, https:\/\/www.ecoutetoirever.fr\/blog\/wp-content\/uploads\/2015\/07\/collier-702x1024.jpg 702w, https:\/\/www.ecoutetoirever.fr\/blog\/wp-content\/uploads\/2015\/07\/collier.jpg 853w\" sizes=\"auto, (max-width: 206px) 100vw, 206px\" \/><\/a><\/p>\n<p style=\"margin: 0; padding: 0; font-size: 15px; font-weight: bold; color: #0d5592;\">Description du r\u00eave<\/p>\n<blockquote style=\"margin-bottom: 10px; background-color: #abd5f9; border: 1px solid #0d5592; padding: 10px 10px 5px 10px;\">\n<p style=\"margin: 0; padding: 0;\">Jeff* a besoin de plus de r\u00e9seaux. Pour l&rsquo;aider, il nous dit de mettre un collier autour du cou. Avec joie j&rsquo;accepte de porter un joli collier. Mais \u00e7a marche mieux si le cou, des \u00e9paules au menton, est rempli au max de colliers!<\/p>\n<\/blockquote>\n<p style=\"font-size: 11px;\">*Le nom de personne de ce monde onirique, est volontairement chang\u00e9.<\/p>\n<p><strong>Mettre ses r\u00eaves en dessin peut-\u00eatre aussi un bon moment de se souvenir des d\u00e9tails du r\u00eave. <\/strong>\u00c7a se r\u00e9v\u00e8le parfois plus rapide que sa r\u00e9daction. R\u00e9diger ses r\u00eaves ou les dessiner, chacun ses pr\u00e9f\u00e9rences. Pourquoi pas combiner les 2?<br \/>\nCette combinaison est puissante, car elle vous replonge plus facilement dans votre monde onirique.<\/p>\n<p>Quand j&rsquo;ai commenc\u00e9 \u00e0 m&rsquo;int\u00e9resser aux r\u00eaves, j&rsquo;ai commenc\u00e9 par les dessins, c&rsquo;\u00e9tait beaucoup plus simple pour moi, \u00e0 14 ans, de faire la sc\u00e8ne par dessin qu&rsquo;avec des mots.<br \/>\nSur mon dessin, ce n&rsquo;est pas l&rsquo;admin mais c&rsquo;est sa vision du port de colliers pour capter le r\u00e9seau. \ud83d\ude00<\/p>\n<p>Comprenons que <strong>ce r\u00eave soul\u00e8ve une probl\u00e9matique<\/strong>. J&rsquo;ai une mauvaise connexion wifi! Je le sais. Avoir une connexion lente, c&rsquo;est \u00e9nervant.<br \/>\nCette histoire de collier est directement<strong> li\u00e9e \u00e0 un \u00e9v\u00e9nement r\u00e9cent<\/strong> :\u00a0 j&rsquo;ai flash\u00e9 sur un collier.<\/p>\n<p style=\"margin: 0; padding: 0; font-size: 15px; font-weight: bold; color: #b92be7;\">D\u00e9cryptage<\/p>\n<div style=\"border: 1px solid #B92BE7; padding: 10px;\">Le cou, dans son sens positif, symbolise la beaut\u00e9 et la vie, l&rsquo;apport de l&rsquo;harmonie entre le corps et le mental.<br \/>\nMettre un collier signifie que vous mettez de l&rsquo;ordre dans vos id\u00e9es.<\/div>\n<p>Exactement ce qui se passe dans ma vie. Ma volont\u00e9 de changer, d&rsquo;am\u00e9liorer ma vie, de prendre les choses en main, d&rsquo;avoir le contr\u00f4le.<br \/>\nC&rsquo;est ce qu&rsquo;on appelle \u00ab\u00a0\u00catre acteur de sa vie\u00a0\u00bb.<\/p>\n<p>Ce r\u00eave vous a plu?<br \/>\nVous pouvez vous aussi, m&rsquo;envoyer vos r\u00eaves rigolos, je serais ravie de les d\u00e9couvrir et d&rsquo;en parler avec vous!<\/p>\n","protected":false},"excerpt":{"rendered":"<p>Vous \u00eates plusieurs \u00e0 me demander de raconter un r\u00eave. Parmi les plus r\u00e9cents et dans la cat\u00e9gorie dr\u00f4le, en voici un. Tout d&rsquo;abord, quelques petites d\u00e9finitions pour les non-initi\u00e9s \u00e0 l&rsquo;informatique. Admin = Administrateur r\u00e9seau R\u00e9seau = r\u00e9seau wifi Description du r\u00eave Jeff* a besoin de plus de r\u00e9seaux. Pour l&rsquo;aider, il nous dit [&hellip;]<\/p>\n","protected":false},"author":1,"featured_media":104,"comment_status":"open","ping_status":"open","sticky":false,"template":"","format":"standard","meta":{"footnotes":""},"categories":[7,47,5,8,4],"tags":[],"class_list":["post-102","post","type-post","status-publish","format-standard","has-post-thumbnail","hentry","category-decryptage","category-dessin","category-reve-de-problematique","category-rire-ensemble","category-technique-pour-se-souvenir"],"_links":{"self":[{"href":"https:\/\/www.ecoutetoirever.fr\/blog\/wp-json\/wp\/v2\/posts\/102","targetHints":{"allow":["GET"]}}],"collection":[{"href":"https:\/\/www.ecoutetoirever.fr\/blog\/wp-json\/wp\/v2\/posts"}],"about":[{"href":"https:\/\/www.ecoutetoirever.fr\/blog\/wp-json\/wp\/v2\/types\/post"}],"author":[{"embeddable":true,"href":"https:\/\/www.ecoutetoirever.fr\/blog\/wp-json\/wp\/v2\/users\/1"}],"replies":[{"embeddable":true,"href":"https:\/\/www.ecoutetoirever.fr\/blog\/wp-json\/wp\/v2\/comments?post=102"}],"version-history":[{"count":1,"href":"https:\/\/www.ecoutetoirever.fr\/blog\/wp-json\/wp\/v2\/posts\/102\/revisions"}],"predecessor-version":[{"id":105,"href":"https:\/\/www.ecoutetoirever.fr\/blog\/wp-json\/wp\/v2\/posts\/102\/revisions\/105"}],"wp:featuredmedia":[{"embeddable":true,"href":"https:\/\/www.ecoutetoirever.fr\/blog\/wp-json\/wp\/v2\/media\/104"}],"wp:attachment":[{"href":"https:\/\/www.ecoutetoirever.fr\/blog\/wp-json\/wp\/v2\/media?parent=102"}],"wp:term":[{"taxonomy":"category","embeddable":true,"href":"https:\/\/www.ecoutetoirever.fr\/blog\/wp-json\/wp\/v2\/categories?post=102"},{"taxonomy":"post_tag","embeddable":true,"href":"https:\/\/www.ecoutetoirever.fr\/blog\/wp-json\/wp\/v2\/tags?post=102"}],"curies":[{"name":"wp","href":"https:\/\/api.w.org\/{rel}","templated":true}]}}