{"id":109,"date":"2015-07-26T23:03:15","date_gmt":"2015-07-26T22:03:15","guid":{"rendered":"http:\/\/www.ecoutetoirever.fr\/blog\/?p=109"},"modified":"2015-08-11T23:26:33","modified_gmt":"2015-08-11T21:26:33","slug":"je-ne-suis-pas-restee-victime-jai-agi","status":"publish","type":"post","link":"https:\/\/www.ecoutetoirever.fr\/blog\/je-ne-suis-pas-restee-victime-jai-agi\/","title":{"rendered":"Je ne suis pas rest\u00e9e victime, j&rsquo;ai agi!"},"content":{"rendered":"<p>Voici le r\u00eave de Jill* :<\/p>\n<blockquote style=\"margin-bottom: 10px; background-color: #abd5f9; border: 1px solid #0d5592; padding: 10px 10px 5px 10px;\">\n<p style=\"margin: 0; padding: 0;\">J&rsquo;\u00e9tais harcel\u00e9e par un couple depuis des mois et au lieu de rester en victime, je les ai attaqu\u00e9 &#8230; je ne suis pas rest\u00e9e victime j&rsquo;ai agi<\/p>\n<\/blockquote>\n<p><strong>Les r\u00eaves sont des images qui sont utilis\u00e9es pour que notre inconscient nous transmettent des messages.<\/strong><br \/>\nIci, il est clair, le message de Jill n&rsquo;a pas besoin d&rsquo;interpr\u00e9tation.<\/p>\n<p>Des mots forts en ressortent, et m&rsquo;ont frapp\u00e9 :<\/p>\n<ul>\n<li>\u00ab\u00a0harc\u00e8lement\u00a0\u00bb et \u00ab\u00a0attaque\u00a0\u00bb. Jill a reconnu que ce r\u00eave est violent<\/li>\n<li>\u00ab\u00a0Victime\u00a0\u00bb, utilis\u00e9 2 fois sur 2 phrases!<\/li>\n<li>le verbe \u00ab\u00a0agir\u00a0\u00bb<\/li>\n<\/ul>\n<h2>L&rsquo;action<\/h2>\n<p>Cet <em>harc\u00e8lement<\/em> qui dure \u00ab\u00a0<em>depuis des mois<\/em>\u00ab\u00a0, <strong>il faut que \u00e7a cesse<\/strong>, mettre un terme \u00e0 \u00e7a! Il y a un redondance, un probl\u00e8me r\u00e9curent. Plut\u00f4t que de rester <em>en position de victime<\/em>, Jill, <strong>ton inconscient te pousse \u00e0 faire bouger les choses!<\/strong><br \/>\nPar ce terme tr\u00e8s fort, qu&rsquo;est \u00ab\u00a0agir\u00a0\u00bb, c&rsquo;est l&rsquo;action, le changement d&rsquo;habitude, la nouveaut\u00e9, et c&rsquo;est effectivement ce qui va te permettre de contre-attaquer \u00ab\u00a0tes bourreaux\u00a0\u00bb (ce qui te blessent).<\/p>\n<p>Une des questions que je pose, souvent, est de <strong>savoir si le r\u00eave est plut\u00f4t positif ou n\u00e9gatif?<\/strong><\/p>\n<p>Malgr\u00e9 la violence qui en d\u00e9coule, pour Jill, le r\u00eave est positif. Il lui offre la<strong> solution cl\u00e9<\/strong> de ses probl\u00e8mes :<strong> l&rsquo;action.<\/strong><br \/>\n<strong>L&rsquo;action est une force<\/strong> dont peu de personnes mettent en pratique. Car il faut <strong>oser<\/strong>, oser passer \u00e0 l&rsquo;action. Arr\u00eater d&rsquo;esp\u00e9rer un changement, mais passer \u00e0 l&rsquo;action. Il ne faut pas n\u00e9cessairement faire tout de suite le grand saut, mais essayer un petit pas, et avancer. On peut ainsi, changer petit \u00e0 petit les choses.<\/p>\n<h2>La violence<\/h2>\n<p>Apr\u00e8s une blessure, subi dans le pass\u00e9, qui a entrain\u00e9 une modification de la structure d&rsquo;une partie du psychisme, de traumatismes affectifs, de chocs \u00e9motionnelles percutants, ou de petits chocs r\u00e9p\u00e9t\u00e9s&#8230; <strong>Une blessure<\/strong> laisse en vous, des marques profondes.<br \/>\nCes blessures ont une <strong>influence sur votre vie pr\u00e9sente<\/strong> et vous vous \u00eates peut-\u00eatre cr\u00e9\u00e9e un <strong>m\u00e9canisme de survie<\/strong> (refoulement, r\u00e9signation, soumission, plainte etc&#8230;).<br \/>\n<strong>A force d&rsquo;encaisser, il y a comme une implosion et explosion en vous,<\/strong> d&rsquo;o\u00f9 ce d\u00e9chainement de violence.<br \/>\nA noter, qu&rsquo;une blessure se soigne, \u00e7a peut prendre du temps. Identifiez son origine va vous aider \u00e0 la soigner.<\/p>\n<h2>La position de victime<\/h2>\n<p>S&rsquo;occuper de sa blessure, c&rsquo;est un pas vers la fin de la victimisation.<br \/>\nVous vous rendez compte, de votre position de victime. Mais vous avez compris qu&rsquo;<strong>un choix s&rsquo;offre \u00e0 vous : la place de victime ou la r\u00e9silience?<\/strong><br \/>\n<strong>La r\u00e9silience<\/strong>, c&rsquo;est reconnaitre les blessures du c\u0153ur, et avoir cette volont\u00e9 d&rsquo;avancer, de se reconstruire, malgr\u00e9 les douleurs du pass\u00e9.<\/p>\n<p>Merci beaucoup Jill*, pour le r\u00e9cit de ton r\u00eave, il m&rsquo;a permis de faire passer un message important et qui me tient \u00e0 c\u0153ur : la r\u00e9silience.<\/p>\n<p style=\"text-align: center;\">Voici une citation que j&rsquo;ai beaucoup aim\u00e9 et qui me parle :<br \/>\n<strong> Jill* : c&rsquo;est souvent mes r\u00eaves qui me dictent comment agir<\/strong><\/p>\n<p style=\"font-size: 11px;\">* Les noms des personnes ont \u00e9t\u00e9 chang\u00e9 pour garder l&rsquo;anonymat<\/p>\n<p>Si vous aussi, avez un r\u00eave qui vous parle mais dont le message n&rsquo;est pas clair, <a href=\"http:\/\/www.ecoutetoirever.fr\/blog\/contact\/\">contactez-moi<\/a> \ud83d\ude42<\/p>\n","protected":false},"excerpt":{"rendered":"<p>Voici le r\u00eave de Jill* : J&rsquo;\u00e9tais harcel\u00e9e par un couple depuis des mois et au lieu de rester en victime, je les ai attaqu\u00e9 &#8230; je ne suis pas rest\u00e9e victime j&rsquo;ai agi Les r\u00eaves sont des images qui sont utilis\u00e9es pour que notre inconscient nous transmettent des messages. Ici, il est clair, le [&hellip;]<\/p>\n","protected":false},"author":1,"featured_media":0,"comment_status":"open","ping_status":"open","sticky":false,"template":"","format":"standard","meta":{"footnotes":""},"categories":[9,5,6,3],"tags":[],"class_list":["post-109","post","type-post","status-publish","format-standard","hentry","category-psychologie","category-reve-de-problematique","category-reve-de-solution","category-reve-nocturne"],"_links":{"self":[{"href":"https:\/\/www.ecoutetoirever.fr\/blog\/wp-json\/wp\/v2\/posts\/109","targetHints":{"allow":["GET"]}}],"collection":[{"href":"https:\/\/www.ecoutetoirever.fr\/blog\/wp-json\/wp\/v2\/posts"}],"about":[{"href":"https:\/\/www.ecoutetoirever.fr\/blog\/wp-json\/wp\/v2\/types\/post"}],"author":[{"embeddable":true,"href":"https:\/\/www.ecoutetoirever.fr\/blog\/wp-json\/wp\/v2\/users\/1"}],"replies":[{"embeddable":true,"href":"https:\/\/www.ecoutetoirever.fr\/blog\/wp-json\/wp\/v2\/comments?post=109"}],"version-history":[{"count":3,"href":"https:\/\/www.ecoutetoirever.fr\/blog\/wp-json\/wp\/v2\/posts\/109\/revisions"}],"predecessor-version":[{"id":134,"href":"https:\/\/www.ecoutetoirever.fr\/blog\/wp-json\/wp\/v2\/posts\/109\/revisions\/134"}],"wp:attachment":[{"href":"https:\/\/www.ecoutetoirever.fr\/blog\/wp-json\/wp\/v2\/media?parent=109"}],"wp:term":[{"taxonomy":"category","embeddable":true,"href":"https:\/\/www.ecoutetoirever.fr\/blog\/wp-json\/wp\/v2\/categories?post=109"},{"taxonomy":"post_tag","embeddable":true,"href":"https:\/\/www.ecoutetoirever.fr\/blog\/wp-json\/wp\/v2\/tags?post=109"}],"curies":[{"name":"wp","href":"https:\/\/api.w.org\/{rel}","templated":true}]}}