{"id":268,"date":"2016-04-10T18:00:53","date_gmt":"2016-04-10T16:00:53","guid":{"rendered":"http:\/\/www.ecoutetoirever.fr\/blog\/?p=268"},"modified":"2016-03-28T00:53:22","modified_gmt":"2016-03-27T22:53:22","slug":"dessin-ou-plutot-coloriage-zen","status":"publish","type":"post","link":"https:\/\/www.ecoutetoirever.fr\/blog\/dessin-ou-plutot-coloriage-zen\/","title":{"rendered":"Dessin ou plut\u00f4t coloriage zen!"},"content":{"rendered":"<p>Pour apprendre l&rsquo;utilisation des couleurs, quoi de mieux que d&rsquo;exp\u00e9rimenter par soi-m\u00eame?<br \/>\nJ&rsquo;ai test\u00e9 le <strong>coloriage zen<\/strong> sur dessin abstrait. Id\u00e9al pour<strong> se vider la t\u00eate<\/strong>, tout en testant ses couleurs. Un vrai r\u00e9gal! <strong>Ne penser \u00e0 rien<\/strong> et <strong>s&rsquo;\u00e9clater sur les couleurs<\/strong>!<br \/>\nMes crayons de couleurs polychromos permettent un m\u00e9lange des couleurs et un d\u00e9grad\u00e9 absolument merveilleux!<\/p>\n<p>Je suis auto-fana de moi! \ud83d\ude42<br \/>\nLes couleurs sont plus vives, mais je n&rsquo;ai pas r\u00e9ussi \u00e0 lui redonner son pep&rsquo;s!<\/p>\n<figure id=\"attachment_269\" aria-describedby=\"caption-attachment-269\" style=\"width: 638px\" class=\"wp-caption alignnone\"><a href=\"http:\/\/www.ecoutetoirever.fr\/blog\/wp-content\/uploads\/2016\/03\/degrade-courbes.jpg\" rel=\"attachment wp-att-269\"><img loading=\"lazy\" decoding=\"async\" class=\"size-full wp-image-269\" src=\"http:\/\/www.ecoutetoirever.fr\/blog\/wp-content\/uploads\/2016\/03\/degrade-courbes.jpg\" alt=\" \u00a9AimeDjy 2016 : coloriage abstrait zen\" width=\"638\" height=\"640\" srcset=\"https:\/\/www.ecoutetoirever.fr\/blog\/wp-content\/uploads\/2016\/03\/degrade-courbes.jpg 638w, https:\/\/www.ecoutetoirever.fr\/blog\/wp-content\/uploads\/2016\/03\/degrade-courbes-150x150.jpg 150w, https:\/\/www.ecoutetoirever.fr\/blog\/wp-content\/uploads\/2016\/03\/degrade-courbes-300x300.jpg 300w\" sizes=\"auto, (max-width: 638px) 100vw, 638px\" \/><\/a><figcaption id=\"caption-attachment-269\" class=\"wp-caption-text\">\u00a9AimeDjy 2016 : coloriage abstrait zen<\/figcaption><\/figure>\n<p>Ca te tente? Pourquoi ne pas essayer? Le livre de dessins abstrait m&rsquo;a cout\u00e9 3\u20ac. Par contre pour les crayons polychromos, c&rsquo;est une autre histoire&#8230;<\/p>\n","protected":false},"excerpt":{"rendered":"<p>Pour apprendre l&rsquo;utilisation des couleurs, quoi de mieux que d&rsquo;exp\u00e9rimenter par soi-m\u00eame? J&rsquo;ai test\u00e9 le coloriage zen sur dessin abstrait. Id\u00e9al pour se vider la t\u00eate, tout en testant ses couleurs. Un vrai r\u00e9gal! Ne penser \u00e0 rien et s&rsquo;\u00e9clater sur les couleurs! Mes crayons de couleurs polychromos permettent un m\u00e9lange des couleurs et un [&hellip;]<\/p>\n","protected":false},"author":1,"featured_media":269,"comment_status":"open","ping_status":"open","sticky":false,"template":"","format":"standard","meta":{"footnotes":""},"categories":[47],"tags":[],"class_list":["post-268","post","type-post","status-publish","format-standard","has-post-thumbnail","hentry","category-dessin"],"_links":{"self":[{"href":"https:\/\/www.ecoutetoirever.fr\/blog\/wp-json\/wp\/v2\/posts\/268","targetHints":{"allow":["GET"]}}],"collection":[{"href":"https:\/\/www.ecoutetoirever.fr\/blog\/wp-json\/wp\/v2\/posts"}],"about":[{"href":"https:\/\/www.ecoutetoirever.fr\/blog\/wp-json\/wp\/v2\/types\/post"}],"author":[{"embeddable":true,"href":"https:\/\/www.ecoutetoirever.fr\/blog\/wp-json\/wp\/v2\/users\/1"}],"replies":[{"embeddable":true,"href":"https:\/\/www.ecoutetoirever.fr\/blog\/wp-json\/wp\/v2\/comments?post=268"}],"version-history":[{"count":1,"href":"https:\/\/www.ecoutetoirever.fr\/blog\/wp-json\/wp\/v2\/posts\/268\/revisions"}],"predecessor-version":[{"id":270,"href":"https:\/\/www.ecoutetoirever.fr\/blog\/wp-json\/wp\/v2\/posts\/268\/revisions\/270"}],"wp:featuredmedia":[{"embeddable":true,"href":"https:\/\/www.ecoutetoirever.fr\/blog\/wp-json\/wp\/v2\/media\/269"}],"wp:attachment":[{"href":"https:\/\/www.ecoutetoirever.fr\/blog\/wp-json\/wp\/v2\/media?parent=268"}],"wp:term":[{"taxonomy":"category","embeddable":true,"href":"https:\/\/www.ecoutetoirever.fr\/blog\/wp-json\/wp\/v2\/categories?post=268"},{"taxonomy":"post_tag","embeddable":true,"href":"https:\/\/www.ecoutetoirever.fr\/blog\/wp-json\/wp\/v2\/tags?post=268"}],"curies":[{"name":"wp","href":"https:\/\/api.w.org\/{rel}","templated":true}]}}