{"id":292,"date":"2016-04-06T14:00:51","date_gmt":"2016-04-06T12:00:51","guid":{"rendered":"http:\/\/www.ecoutetoirever.fr\/blog\/?p=292"},"modified":"2016-03-28T00:54:04","modified_gmt":"2016-03-27T22:54:04","slug":"des-duos-de-mots-qui-provoquent-un-souvenir-londres","status":"publish","type":"post","link":"https:\/\/www.ecoutetoirever.fr\/blog\/des-duos-de-mots-qui-provoquent-un-souvenir-londres\/","title":{"rendered":"Des duos de mots qui provoquent un souvenir : Londres"},"content":{"rendered":"<p>Parfois il ne suffit pas de grand chose pour faire comme <strong>un saut dans le temps<\/strong>!<br \/>\nOn papote avec un ami et tout d&rsquo;un coup, PAF! <strong>2 id\u00e9es<\/strong> qui n&rsquo;ont rien \u00e0 voir se trouve mis face \u00e0 face l&rsquo;un de l&rsquo;autre, et sans savoir pourquoi (enfin si je vais vous le dire), <strong>on se sent projeter dans un autre espace temps<\/strong>, et,<strong> l&rsquo;espace d&rsquo;un moment on ne sait pas o\u00f9 on est<\/strong>.<\/p>\n<p>Pour ma part, \u00e7a a \u00e9t\u00e9 <em>Londres<\/em> et <em>le pr\u00e9nom d&rsquo;une personne<\/em> (qu&rsquo;on va surnomm\u00e9 Fifi*) auquel je ne m&rsquo;y attendais pas du tout. Rien \u00e0 voir entre ces 2 mots&#8230;<\/p>\n<p>Pourtant&#8230; J&rsquo;ai <strong>ressenti<\/strong> ce <strong>flash back<\/strong>, <strong>ce retour en arri\u00e8re<\/strong>, ce<strong> d\u00e9j\u00e0-vu<\/strong>, ce \u00ab\u00a0<strong>Eh! Mais \u00e7a me parle! Attends, \u00e7a me revient&#8230;<\/strong>\u00ab\u00a0.<\/p>\n<blockquote style=\"margin-bottom: 10px; background-color: #abd5f9; border: 1px solid #0d5592; padding: 10px 10px 5px 10px;\">\n<div>La m\u00e8re de mon amie me t\u00e9l\u00e9phone. Elle me demande si j&rsquo;ai des news de <span class=\"il\">Fifi* <\/span>car elle ne sait pas o\u00f9 elle est. Je lui avoue qu&rsquo;on n&rsquo;est plus amie mais que je vais demander aux amis.<\/div>\n<div>Je me retrouve \u00e0 partir \u00e0 Londres avec une connaissance mais on se parle pas. Je vais chez chez une ancienne amie, Julie*. Elle me dit rien mais me montre une lettre et une carte postale. \u00c7a parle de ce que <span class=\"il\">Fifi* <\/span>a visit\u00e9&#8230; Qu\u00e9bec&#8230;<\/div>\n<div>J&rsquo;explique la situation \u00e0 Julie* et elle me dit que <span class=\"il\">Fifi* <\/span>a gard\u00e9 contact avec elle.<\/div>\n<div>Elle travaille au march\u00e9 de Londres, exactement l\u00e0 o\u00f9 je voulais aller. Elle tient un stand. Et on va aller la voir. Dans la pi\u00e8ce d&rsquo;\u00e0 c\u00f4t\u00e9 j&rsquo;ai cru qu&rsquo;elle y logeait mais c&rsquo;\u00e9tait le b\u00e9b\u00e9 qui dormait et le mari de Julie*.<\/div>\n<div>Comme j&rsquo;ai mang\u00e9 chez Julie* , je vais faire la vaisselle. Le lavabo est tout petit et la poubelle est dedans.<\/div>\n<div>Je suis heureuse que <span class=\"il\">Fifi* <\/span>ait pu s&rsquo;appuyer sur Julie*, car elle ne m&rsquo;avait plus. Elle a l&rsquo;air mieux.<\/div>\n<\/blockquote>\n<p>Ce qui me frappe dans ce r\u00eave, c&rsquo;est que r\u00e9ellement,<strong> j&rsquo;ai envie de<\/strong> parler \u00e0 la m\u00e8re de mon amie et lui dire, qu&rsquo;effectivement, j&rsquo;ai perdu une amiti\u00e9, ou plut\u00f4t qu&rsquo;une amie s&rsquo;est d\u00e9tourn\u00e9e de moi, malgr\u00e9 moi. Il y a des choses qu&rsquo;on ne peut pas faire dans la vraie vie, mais qui nous soulage de le faire dans notre monde imaginaire&#8230;<\/p>\n<p>Ce r\u00eave date de septembre 2015, et c&rsquo;est pourtant qu&rsquo;en <strong>\u00e9voquant 2 mots<\/strong> qu&rsquo;en mars 2016, <strong>il me revient en t\u00eate<\/strong>, soit <strong>6 mois apr\u00e8s<\/strong>! Stup\u00e9fiant!<br \/>\n(Ce r\u00eave a \u00e9t\u00e9 not\u00e9 le jour m\u00eame, ce qui explique les d\u00e9tails).<\/p>\n<p>Notre m\u00e9moire est tr\u00e8s grande, et nous gardons les informations au fond de nous. Un jour consciemment ou inconsciemment, nous ressortons les informations. Par exemple quand on parle chinois, ou espagnol de mani\u00e8re fluide dans nos r\u00eaves, alors qu&rsquo;on a pu entendre seulement une fois.<\/p>\n<p><strong>En portant attention sur mon ressenti<\/strong>, j&rsquo;ai pu<strong> prendre le temps<\/strong> de comprendre ce qui m&rsquo;arrivait.<\/p>\n<p style=\"font-size: 11px;\">* Les pr\u00e9noms des personnes ont \u00e9t\u00e9 chang\u00e9s pour pr\u00e9server leur anonymat<\/p>\n","protected":false},"excerpt":{"rendered":"<p>Parfois il ne suffit pas de grand chose pour faire comme un saut dans le temps! On papote avec un ami et tout d&rsquo;un coup, PAF! 2 id\u00e9es qui n&rsquo;ont rien \u00e0 voir se trouve mis face \u00e0 face l&rsquo;un de l&rsquo;autre, et sans savoir pourquoi (enfin si je vais vous le dire), on se [&hellip;]<\/p>\n","protected":false},"author":1,"featured_media":0,"comment_status":"open","ping_status":"open","sticky":false,"template":"","format":"standard","meta":{"footnotes":""},"categories":[9,5,3,4],"tags":[57],"class_list":["post-292","post","type-post","status-publish","format-standard","hentry","category-psychologie","category-reve-de-problematique","category-reve-nocturne","category-technique-pour-se-souvenir","tag-londres"],"_links":{"self":[{"href":"https:\/\/www.ecoutetoirever.fr\/blog\/wp-json\/wp\/v2\/posts\/292","targetHints":{"allow":["GET"]}}],"collection":[{"href":"https:\/\/www.ecoutetoirever.fr\/blog\/wp-json\/wp\/v2\/posts"}],"about":[{"href":"https:\/\/www.ecoutetoirever.fr\/blog\/wp-json\/wp\/v2\/types\/post"}],"author":[{"embeddable":true,"href":"https:\/\/www.ecoutetoirever.fr\/blog\/wp-json\/wp\/v2\/users\/1"}],"replies":[{"embeddable":true,"href":"https:\/\/www.ecoutetoirever.fr\/blog\/wp-json\/wp\/v2\/comments?post=292"}],"version-history":[{"count":1,"href":"https:\/\/www.ecoutetoirever.fr\/blog\/wp-json\/wp\/v2\/posts\/292\/revisions"}],"predecessor-version":[{"id":293,"href":"https:\/\/www.ecoutetoirever.fr\/blog\/wp-json\/wp\/v2\/posts\/292\/revisions\/293"}],"wp:attachment":[{"href":"https:\/\/www.ecoutetoirever.fr\/blog\/wp-json\/wp\/v2\/media?parent=292"}],"wp:term":[{"taxonomy":"category","embeddable":true,"href":"https:\/\/www.ecoutetoirever.fr\/blog\/wp-json\/wp\/v2\/categories?post=292"},{"taxonomy":"post_tag","embeddable":true,"href":"https:\/\/www.ecoutetoirever.fr\/blog\/wp-json\/wp\/v2\/tags?post=292"}],"curies":[{"name":"wp","href":"https:\/\/api.w.org\/{rel}","templated":true}]}}