{"id":351,"date":"2016-07-16T11:04:47","date_gmt":"2016-07-16T09:04:47","guid":{"rendered":"http:\/\/www.ecoutetoirever.fr\/blog\/?p=351"},"modified":"2016-07-16T11:04:47","modified_gmt":"2016-07-16T09:04:47","slug":"ecoutetoirever-fete-sa-premiere-annee","status":"publish","type":"post","link":"https:\/\/www.ecoutetoirever.fr\/blog\/ecoutetoirever-fete-sa-premiere-annee\/","title":{"rendered":"EcouteToiRever f\u00eate sa premi\u00e8re ann\u00e9e!"},"content":{"rendered":"<p><a href=\"http:\/\/www.ecoutetoirever.fr\/blog\/wp-content\/uploads\/2016\/07\/gateau-anniversaire_ecoute-.jpg\"><img loading=\"lazy\" decoding=\"async\" class=\"size-full wp-image-352 aligncenter\" src=\"http:\/\/www.ecoutetoirever.fr\/blog\/wp-content\/uploads\/2016\/07\/gateau-anniversaire_ecoute-.jpg\" alt=\"gateau anniversaire ecoute toi r\u00eaver\" width=\"470\" height=\"507\" srcset=\"https:\/\/www.ecoutetoirever.fr\/blog\/wp-content\/uploads\/2016\/07\/gateau-anniversaire_ecoute-.jpg 470w, https:\/\/www.ecoutetoirever.fr\/blog\/wp-content\/uploads\/2016\/07\/gateau-anniversaire_ecoute--278x300.jpg 278w\" sizes=\"auto, (max-width: 470px) 100vw, 470px\" \/><\/a>Il y a un peu plus d&rsquo;un an, le 28 juin 2015, j&rsquo;ai d\u00e9cid\u00e9 d&rsquo;ouvrir ce blog pour aider \u00e0 voir plus clair dans tes r\u00eaves et tes cauchemars. Depuis l&rsquo;ouverture de ce blog, j&rsquo;ai plus d&rsquo;\u00e9changes, j&rsquo;ai fait de nombreuses d\u00e9couvertes! J&rsquo;ai boost\u00e9 ma m\u00e9moire li\u00e9s aux r\u00eaves et j&rsquo;ai pu constat\u00e9 que c&rsquo;est \u00e9galement la m\u00e9moire en g\u00e9n\u00e9ral que j&rsquo;ai boost\u00e9!<br \/>\nMa passion c&rsquo;est les r\u00eaves, et j&rsquo;ai m\u00eame \u00e9t\u00e9 capable d&rsquo;expliquer ma passion en anglais et faire vibrer la personne qui n&rsquo;\u00e9tait pas int\u00e9ress\u00e9e au d\u00e9but!<\/p>\n<p>Merci de me faire confiance, merci pour nos \u00e9changes, par mail, par messages priv\u00e9, les commentaires! C&rsquo;est parti pour une autre ann\u00e9e!? \ud83d\ude42<\/p>\n","protected":false},"excerpt":{"rendered":"<p>Il y a un peu plus d&rsquo;un an, le 28 juin 2015, j&rsquo;ai d\u00e9cid\u00e9 d&rsquo;ouvrir ce blog pour aider \u00e0 voir plus clair dans tes r\u00eaves et tes cauchemars. Depuis l&rsquo;ouverture de ce blog, j&rsquo;ai plus d&rsquo;\u00e9changes, j&rsquo;ai fait de nombreuses d\u00e9couvertes! J&rsquo;ai boost\u00e9 ma m\u00e9moire li\u00e9s aux r\u00eaves et j&rsquo;ai pu constat\u00e9 que c&rsquo;est [&hellip;]<\/p>\n","protected":false},"author":1,"featured_media":353,"comment_status":"open","ping_status":"open","sticky":false,"template":"","format":"standard","meta":{"footnotes":""},"categories":[64],"tags":[83],"class_list":["post-351","post","type-post","status-publish","format-standard","has-post-thumbnail","hentry","category-memoire","tag-anniversaire"],"_links":{"self":[{"href":"https:\/\/www.ecoutetoirever.fr\/blog\/wp-json\/wp\/v2\/posts\/351","targetHints":{"allow":["GET"]}}],"collection":[{"href":"https:\/\/www.ecoutetoirever.fr\/blog\/wp-json\/wp\/v2\/posts"}],"about":[{"href":"https:\/\/www.ecoutetoirever.fr\/blog\/wp-json\/wp\/v2\/types\/post"}],"author":[{"embeddable":true,"href":"https:\/\/www.ecoutetoirever.fr\/blog\/wp-json\/wp\/v2\/users\/1"}],"replies":[{"embeddable":true,"href":"https:\/\/www.ecoutetoirever.fr\/blog\/wp-json\/wp\/v2\/comments?post=351"}],"version-history":[{"count":1,"href":"https:\/\/www.ecoutetoirever.fr\/blog\/wp-json\/wp\/v2\/posts\/351\/revisions"}],"predecessor-version":[{"id":354,"href":"https:\/\/www.ecoutetoirever.fr\/blog\/wp-json\/wp\/v2\/posts\/351\/revisions\/354"}],"wp:featuredmedia":[{"embeddable":true,"href":"https:\/\/www.ecoutetoirever.fr\/blog\/wp-json\/wp\/v2\/media\/353"}],"wp:attachment":[{"href":"https:\/\/www.ecoutetoirever.fr\/blog\/wp-json\/wp\/v2\/media?parent=351"}],"wp:term":[{"taxonomy":"category","embeddable":true,"href":"https:\/\/www.ecoutetoirever.fr\/blog\/wp-json\/wp\/v2\/categories?post=351"},{"taxonomy":"post_tag","embeddable":true,"href":"https:\/\/www.ecoutetoirever.fr\/blog\/wp-json\/wp\/v2\/tags?post=351"}],"curies":[{"name":"wp","href":"https:\/\/api.w.org\/{rel}","templated":true}]}}