{"id":364,"date":"2016-08-23T14:00:30","date_gmt":"2016-08-23T12:00:30","guid":{"rendered":"http:\/\/www.ecoutetoirever.fr\/blog\/?p=364"},"modified":"2016-08-20T14:24:53","modified_gmt":"2016-08-20T12:24:53","slug":"trouver-un-objet-perdu-grace-au-reve","status":"publish","type":"post","link":"https:\/\/www.ecoutetoirever.fr\/blog\/trouver-un-objet-perdu-grace-au-reve\/","title":{"rendered":"Trouver un objet perdu gr\u00e2ce au r\u00eave"},"content":{"rendered":"<p>Suite \u00e0 <a href=\"http:\/\/www.ecoutetoirever.fr\/blog\/la-formation-top-pensez-sylvie-cantet\/\" target=\"_blank\">ma formation Top-pensez de Sylvie Cantet<\/a>, j&rsquo;ai test\u00e9 le questionnement pour trouver un objet. J&rsquo;ai perdu une bague il y a quelques mois, j&rsquo;y tiens! J&rsquo;aimerais beaucoup la retrouver! Voici mon r\u00eave :<\/p>\n<blockquote style=\"margin-bottom: 10px; background-color: #abd5f9; border: 1px solid #0d5592; padding: 10px 10px 5px 10px;\">\n<p style=\"margin: 0; padding: 0;\">Je demande \u00e0 mes conseillers o\u00f9 est ma bague \u00ab\u00a0Live With Passion\u00a0\u00bb. Le r\u00eave me montre un carton de maquillage et de bric \u00e0 brac.<\/p>\n<\/blockquote>\n<p><a href=\"http:\/\/www.ecoutetoirever.fr\/blog\/wp-content\/uploads\/2016\/08\/bague_objet_perdu_ETR.jpg\"><img loading=\"lazy\" decoding=\"async\" class=\"alignleft size-full wp-image-366\" src=\"http:\/\/www.ecoutetoirever.fr\/blog\/wp-content\/uploads\/2016\/08\/bague_objet_perdu_ETR.jpg\" alt=\"mains bagues amiti\u00e9\" width=\"800\" height=\"290\" srcset=\"https:\/\/www.ecoutetoirever.fr\/blog\/wp-content\/uploads\/2016\/08\/bague_objet_perdu_ETR.jpg 800w, https:\/\/www.ecoutetoirever.fr\/blog\/wp-content\/uploads\/2016\/08\/bague_objet_perdu_ETR-300x109.jpg 300w, https:\/\/www.ecoutetoirever.fr\/blog\/wp-content\/uploads\/2016\/08\/bague_objet_perdu_ETR-768x278.jpg 768w\" sizes=\"auto, (max-width: 800px) 100vw, 800px\" \/><\/a><\/p>\n<p>Si vous souhaitez en apprendre plus sur cette technique, adressez vous \u00e0 <a href=\"http:\/\/top-pensez.fr\/\" target=\"_blank\">Sylvie<\/a>, et faites sa formation! Vraiment, elle est g\u00e9niale!<br \/>\nSuite \u00e0 ce r\u00eave, au matin, j&rsquo;ai fouill\u00e9 ce carton, le r\u00eave m&rsquo;avait montr\u00e9 clairement un carton, et pas un autre. Malheureusement, je ne l&rsquo;ai pas trouv\u00e9 dedans. J&rsquo;ai fouill\u00e9 2 fois, en me disant que j&rsquo;avais mal cherch\u00e9. Rat\u00e9&#8230;<\/p>\n<p>Je pense qu&rsquo;il faut s&rsquo;exercer un peu pour que \u00e7a marche.<br \/>\nSuite aux autres techniques de Sylvie, avec Top pensez (vous pouvez trouver mon article sur ce lien), je voulais porter de l&rsquo;or, mais je n&rsquo;en avais pas. En fouillant dans mon sac \u00e0 main pour chercher ma bague (qui est en argent), j&rsquo;ai retrouv\u00e9 mes boucles d&rsquo;oreille en or.<br \/>\nPas mal ! \ud83d\ude42<\/p>\n<p>As tu d\u00e9j\u00e0 utilis\u00e9 les r\u00eaves pour retrouver un objet perdu?<\/p>\n","protected":false},"excerpt":{"rendered":"<p>Suite \u00e0 ma formation Top-pensez de Sylvie Cantet, j&rsquo;ai test\u00e9 le questionnement pour trouver un objet. J&rsquo;ai perdu une bague il y a quelques mois, j&rsquo;y tiens! J&rsquo;aimerais beaucoup la retrouver! Voici mon r\u00eave : Je demande \u00e0 mes conseillers o\u00f9 est ma bague \u00ab\u00a0Live With Passion\u00a0\u00bb. Le r\u00eave me montre un carton de maquillage [&hellip;]<\/p>\n","protected":false},"author":1,"featured_media":365,"comment_status":"open","ping_status":"open","sticky":false,"template":"","format":"standard","meta":{"footnotes":""},"categories":[6,3],"tags":[90,91],"class_list":["post-364","post","type-post","status-publish","format-standard","has-post-thumbnail","hentry","category-reve-de-solution","category-reve-nocturne","tag-bague","tag-objet-perdu"],"_links":{"self":[{"href":"https:\/\/www.ecoutetoirever.fr\/blog\/wp-json\/wp\/v2\/posts\/364","targetHints":{"allow":["GET"]}}],"collection":[{"href":"https:\/\/www.ecoutetoirever.fr\/blog\/wp-json\/wp\/v2\/posts"}],"about":[{"href":"https:\/\/www.ecoutetoirever.fr\/blog\/wp-json\/wp\/v2\/types\/post"}],"author":[{"embeddable":true,"href":"https:\/\/www.ecoutetoirever.fr\/blog\/wp-json\/wp\/v2\/users\/1"}],"replies":[{"embeddable":true,"href":"https:\/\/www.ecoutetoirever.fr\/blog\/wp-json\/wp\/v2\/comments?post=364"}],"version-history":[{"count":1,"href":"https:\/\/www.ecoutetoirever.fr\/blog\/wp-json\/wp\/v2\/posts\/364\/revisions"}],"predecessor-version":[{"id":367,"href":"https:\/\/www.ecoutetoirever.fr\/blog\/wp-json\/wp\/v2\/posts\/364\/revisions\/367"}],"wp:featuredmedia":[{"embeddable":true,"href":"https:\/\/www.ecoutetoirever.fr\/blog\/wp-json\/wp\/v2\/media\/365"}],"wp:attachment":[{"href":"https:\/\/www.ecoutetoirever.fr\/blog\/wp-json\/wp\/v2\/media?parent=364"}],"wp:term":[{"taxonomy":"category","embeddable":true,"href":"https:\/\/www.ecoutetoirever.fr\/blog\/wp-json\/wp\/v2\/categories?post=364"},{"taxonomy":"post_tag","embeddable":true,"href":"https:\/\/www.ecoutetoirever.fr\/blog\/wp-json\/wp\/v2\/tags?post=364"}],"curies":[{"name":"wp","href":"https:\/\/api.w.org\/{rel}","templated":true}]}}