{"id":436,"date":"2017-07-26T20:55:55","date_gmt":"2017-07-26T18:55:55","guid":{"rendered":"http:\/\/www.ecoutetoirever.fr\/blog\/?p=436"},"modified":"2018-11-17T09:53:50","modified_gmt":"2018-11-17T07:53:50","slug":"faut-il-raconter-un-cauchemar","status":"publish","type":"post","link":"https:\/\/www.ecoutetoirever.fr\/blog\/faut-il-raconter-un-cauchemar\/","title":{"rendered":"Faut-il raconter un cauchemar?"},"content":{"rendered":"<p>Quand on fait un cauchemar, on ressent la plupart du temps des \u00e9motions n\u00e9gatives, et notre \u00e9nergie baisse&#8230;<\/p>\n<p>Faut-il alors raconter le cauchemar ou pas?<\/p>\n<p><em>Tout d&rsquo;abord, quelle est votre <strong>intention<\/strong> en racontant votre cauchemar? Qu&rsquo;attendez-vous de votre interlocuteur?<\/em><br \/>\nDans le cas d&rsquo;une interpr\u00e9tation de r\u00eaves, c&rsquo;est ok, il n&rsquo;y a aucun soucis. Allez-y!<br \/>\nRaconter pour raconter&#8230; Est-ce utile? <strong>Se replonger<\/strong> dans le cauchemar, pour le raconter \u00e0 une copine, est-ce pour autant que \u00e7a te d\u00e9charge? Je ne crois pas. Je pense que \u00e7a permet juste de revoir le cauchemar et de le <strong>revivre<\/strong> encore.<\/p>\n<p><em>Faut-il alors le raconter aux personnes qui \u00e9taient dans le cauchemar?<\/em><br \/>\nImagines&#8230; que dans le cauchemar, on coupe la t\u00eate d&rsquo;un de vos amis&#8230; Est ce que \u00e7a te plairait qu&rsquo;une personne r\u00eave de toi dans cette situation? Non, s\u00fbrement!<\/p>\n<p><em>Mon fils a fait un cauchemar, quand je lui demande de me raconter, il refuse&#8230; Que faire?<\/em><br \/>\nSi ton enfant a fait un cauchemar la nuit, ne lui demande pas de te le raconter tout de suite, autrement il ne voudra pas s&rsquo;endormir.<br \/>\nSi il veut bien en parler, alors parlez. Laisse-lui le choix. Essaies plut\u00f4t de le faire parler le lendemain, en lui expliquant qu&rsquo;on souhaite l&rsquo;aider.<br \/>\nParler est difficile? Demande-lui de faire un dessin, c&rsquo;est parfois plus facile, et ensuite, demande-lui d&rsquo;expliquer le dessin. Et avec lui, aller ranger le dessin dans un tiroir qu&rsquo;on ne va pas rouvrir de si t\u00f4t.<br \/>\nCaser les cauchemars dans un coin, est un bon moyen de savoir que le cauchemar est l\u00e0, et qu&rsquo;on peut l&rsquo;oublier, sans avoir peur qu&rsquo;il disparaisse.<br \/>\nTu as les cartes en main pour comprendre son r\u00eave. Souvent les r\u00eaves d&rsquo;enfants sont simples \u00e0 comprendre. Ils peuvent \u00eatre pris au premier sens. Il r\u00eave de manger des g\u00e2teaux? Il veut manger des g\u00e2teaux, aussi simple que \u00e7a!<\/p>\n<p>Quel a \u00e9t\u00e9 ton cauchemar le plus marquant?<br \/>\nComment g\u00e8res tu les cauchemars?<\/p>\n","protected":false},"excerpt":{"rendered":"<p>Quand on fait un cauchemar, on ressent la plupart du temps des \u00e9motions n\u00e9gatives, et notre \u00e9nergie baisse&#8230; Faut-il alors raconter le cauchemar ou pas? Tout d&rsquo;abord, quelle est votre intention en racontant votre cauchemar? Qu&rsquo;attendez-vous de votre interlocuteur? Dans le cas d&rsquo;une interpr\u00e9tation de r\u00eaves, c&rsquo;est ok, il n&rsquo;y a aucun soucis. Allez-y! Raconter [&hellip;]<\/p>\n","protected":false},"author":1,"featured_media":0,"comment_status":"open","ping_status":"open","sticky":false,"template":"","format":"standard","meta":{"footnotes":""},"categories":[10,47,14,13],"tags":[73,70],"class_list":["post-436","post","type-post","status-publish","format-standard","hentry","category-cauchemar","category-dessin","category-enfant","category-solution-contre-les-cauchemars","tag-cauchemar","tag-enfant"],"_links":{"self":[{"href":"https:\/\/www.ecoutetoirever.fr\/blog\/wp-json\/wp\/v2\/posts\/436","targetHints":{"allow":["GET"]}}],"collection":[{"href":"https:\/\/www.ecoutetoirever.fr\/blog\/wp-json\/wp\/v2\/posts"}],"about":[{"href":"https:\/\/www.ecoutetoirever.fr\/blog\/wp-json\/wp\/v2\/types\/post"}],"author":[{"embeddable":true,"href":"https:\/\/www.ecoutetoirever.fr\/blog\/wp-json\/wp\/v2\/users\/1"}],"replies":[{"embeddable":true,"href":"https:\/\/www.ecoutetoirever.fr\/blog\/wp-json\/wp\/v2\/comments?post=436"}],"version-history":[{"count":3,"href":"https:\/\/www.ecoutetoirever.fr\/blog\/wp-json\/wp\/v2\/posts\/436\/revisions"}],"predecessor-version":[{"id":517,"href":"https:\/\/www.ecoutetoirever.fr\/blog\/wp-json\/wp\/v2\/posts\/436\/revisions\/517"}],"wp:attachment":[{"href":"https:\/\/www.ecoutetoirever.fr\/blog\/wp-json\/wp\/v2\/media?parent=436"}],"wp:term":[{"taxonomy":"category","embeddable":true,"href":"https:\/\/www.ecoutetoirever.fr\/blog\/wp-json\/wp\/v2\/categories?post=436"},{"taxonomy":"post_tag","embeddable":true,"href":"https:\/\/www.ecoutetoirever.fr\/blog\/wp-json\/wp\/v2\/tags?post=436"}],"curies":[{"name":"wp","href":"https:\/\/api.w.org\/{rel}","templated":true}]}}