{"id":479,"date":"2018-04-10T21:56:00","date_gmt":"2018-04-10T19:56:00","guid":{"rendered":"http:\/\/www.ecoutetoirever.fr\/blog\/?p=479"},"modified":"2018-04-10T21:58:29","modified_gmt":"2018-04-10T19:58:29","slug":"respecte-toi-aime-toi-ne-pas-etre-coupable-pour-les-autres-etre-responsable-de-sa-vie","status":"publish","type":"post","link":"https:\/\/www.ecoutetoirever.fr\/blog\/respecte-toi-aime-toi-ne-pas-etre-coupable-pour-les-autres-etre-responsable-de-sa-vie\/","title":{"rendered":"Respecte-toi, Aime-toi. Ne pas \u00eatre coupable pour les autres : Etre responsable de sa vie"},"content":{"rendered":"<p>Suite \u00e0 une s\u00e9paration, \u00ab\u00a0il\u00a0\u00bb a d\u00e9cid\u00e9 de mettre fin \u00e0 sa vie, en avril 2018, en accusant celle qu&rsquo;il aime d&rsquo;\u00eatre coupable de son suicide.<br \/>\nJe fais ce message vid\u00e9o pour \u00ab\u00a0elle\u00a0\u00bb, pour faire passer le message de respect-amour de soi, qui va au del\u00e0 de la victimisation.<\/p>\n<p>On choisit sa vie, sa voie! Personne ne choisit pour nous.<\/p>\n<p>Il n&rsquo;est en aucun cas, question dans cette vid\u00e9o de d\u00e9noncer les actes de quiconque. Je parle de pervers narcissique, et je sais que j&rsquo;ai ma part de responsabilit\u00e9 dedans.<\/p>\n<p>Par cette vid\u00e9o, je souhaite vous aider \u00e0 vous d\u00e9tacher de votre culpabilit\u00e9 en faisant par de mon exp\u00e9rience de vie.<\/p>\n<p><iframe loading=\"lazy\" src=\"https:\/\/www.youtube.com\/embed\/W8U74-PYl5M\" width=\"560\" height=\"315\" frameborder=\"0\" allowfullscreen=\"allowfullscreen\"><\/iframe><\/p>\n","protected":false},"excerpt":{"rendered":"<p>Suite \u00e0 une s\u00e9paration, \u00ab\u00a0il\u00a0\u00bb a d\u00e9cid\u00e9 de mettre fin \u00e0 sa vie, en avril 2018, en accusant celle qu&rsquo;il aime d&rsquo;\u00eatre coupable de son suicide. Je fais ce message vid\u00e9o pour \u00ab\u00a0elle\u00a0\u00bb, pour faire passer le message de respect-amour de soi, qui va au del\u00e0 de la victimisation. On choisit sa vie, sa voie! [&hellip;]<\/p>\n","protected":false},"author":1,"featured_media":481,"comment_status":"open","ping_status":"open","sticky":false,"template":"","format":"standard","meta":{"footnotes":""},"categories":[63,124,9],"tags":[134,132,76,133,131,130],"class_list":["post-479","post","type-post","status-publish","format-standard","has-post-thumbnail","hentry","category-developpement-personnel","category-mon-experience-personnelle","category-psychologie","tag-amour","tag-culpabilite","tag-mort","tag-respect","tag-responsabilite","tag-suicide"],"_links":{"self":[{"href":"https:\/\/www.ecoutetoirever.fr\/blog\/wp-json\/wp\/v2\/posts\/479","targetHints":{"allow":["GET"]}}],"collection":[{"href":"https:\/\/www.ecoutetoirever.fr\/blog\/wp-json\/wp\/v2\/posts"}],"about":[{"href":"https:\/\/www.ecoutetoirever.fr\/blog\/wp-json\/wp\/v2\/types\/post"}],"author":[{"embeddable":true,"href":"https:\/\/www.ecoutetoirever.fr\/blog\/wp-json\/wp\/v2\/users\/1"}],"replies":[{"embeddable":true,"href":"https:\/\/www.ecoutetoirever.fr\/blog\/wp-json\/wp\/v2\/comments?post=479"}],"version-history":[{"count":1,"href":"https:\/\/www.ecoutetoirever.fr\/blog\/wp-json\/wp\/v2\/posts\/479\/revisions"}],"predecessor-version":[{"id":480,"href":"https:\/\/www.ecoutetoirever.fr\/blog\/wp-json\/wp\/v2\/posts\/479\/revisions\/480"}],"wp:featuredmedia":[{"embeddable":true,"href":"https:\/\/www.ecoutetoirever.fr\/blog\/wp-json\/wp\/v2\/media\/481"}],"wp:attachment":[{"href":"https:\/\/www.ecoutetoirever.fr\/blog\/wp-json\/wp\/v2\/media?parent=479"}],"wp:term":[{"taxonomy":"category","embeddable":true,"href":"https:\/\/www.ecoutetoirever.fr\/blog\/wp-json\/wp\/v2\/categories?post=479"},{"taxonomy":"post_tag","embeddable":true,"href":"https:\/\/www.ecoutetoirever.fr\/blog\/wp-json\/wp\/v2\/tags?post=479"}],"curies":[{"name":"wp","href":"https:\/\/api.w.org\/{rel}","templated":true}]}}