{"id":52,"date":"2015-07-11T00:53:10","date_gmt":"2015-07-10T23:53:10","guid":{"rendered":"http:\/\/www.ecoutetoirever.fr\/blog\/?p=52"},"modified":"2015-08-11T23:17:12","modified_gmt":"2015-08-11T21:17:12","slug":"quest-ce-que-je-vais-raconter-sur-mon-blog-demain","status":"publish","type":"post","link":"https:\/\/www.ecoutetoirever.fr\/blog\/quest-ce-que-je-vais-raconter-sur-mon-blog-demain\/","title":{"rendered":"\u00ab\u00a0Qu&rsquo;est-ce que je vais raconter sur mon blog demain?\u00a0\u00bb"},"content":{"rendered":"<p>C&rsquo;est la question que je me suis pos\u00e9e avant de dormir.<br \/>\nAvec toute la volont\u00e9 qu&rsquo;on a, de vouloir une r\u00e9ponse la nuit, ce n&rsquo;est pas toujours \u00e9vident.<\/p>\n<p>Mon r\u00eave disait :<\/p>\n<blockquote style=\"background-color: #abd5f9; border: 1px solid #0d5592; padding: 10px;\"><p>J&rsquo;ai mal \u00e0 ma dent en haut c\u00f4t\u00e9 droit. Elle s&rsquo;appelle Fran\u00e7ois.<\/p><\/blockquote>\n<p>Il faut dire que mon moi int\u00e9rieur est tr\u00e8s blagueur! \ud83d\ude42<br \/>\nOu plut\u00f4t que des \u00e9l\u00e9ments conscients sont pass\u00e9s dans les r\u00eaves, quand on \u00ab\u00a0perd\u00a0\u00bb conscience, on glisse vers l&rsquo;inconscient. Effectivement j&rsquo;avais mal \u00e0 une dent et je n&rsquo;ai pas pu me concentrer correctement sur ma question.<\/p>\n<p>Mais<strong> en quoi ce genre de r\u00eave, sans t\u00eate ni queue peut vous \u00eatre utile?<\/strong> Car il est compl\u00e8tement fou!<br \/>\nPartager ses r\u00eaves, ce n&rsquo;est pas montrer de la folie, mais mieux! <strong>Faire rire votre entourage<\/strong>! N&rsquo;avez vous pas ri ou souri en lisant mon r\u00eave?<strong> \ud83d\ude42 Je suis s\u00fbre que si!<br \/>\nPartagez donc un bon moment avec vos proches<\/strong> avec vos r\u00eaves, qui peuvent \u00eatre<strong> votre atout humour<\/strong>!<\/p>\n<p>Je vous assure que personne ne vous dira \u00ab\u00a0<em>Ah non je veux pas savoir pourquoi tu as r\u00eav\u00e9 de moi<\/em>\u00ab\u00a0, sauf pour rigoler. On est tous un peu nombriliste. Quand on vous montre une photo, la premi\u00e8re chose qu&rsquo;on fait tous, c&rsquo;est regarder sur la photo le \u00ab\u00a0moi\u00a0\u00bb, \u00ab\u00a0comment je suis\u00a0\u00bb, si \u00ab\u00a0je suis bien ou pas\u00a0\u00bb. Vrai?<br \/>\nDe m\u00eame lorsque vous racontez votre r\u00eave \u00e0 une personne, elle se sentira flatt\u00e9e d&rsquo;avoir \u00e9t\u00e9 l&rsquo;objet de vos r\u00eaves, m\u00eame si votre r\u00eave est compl\u00e8tement barr\u00e9. Cette personne vous a touch\u00e9 d&rsquo;une certaine mani\u00e8re, assez pour que vous r\u00eaviez d&rsquo;elle.<br \/>\nPar contre si c&rsquo;est un cauchemar, vaut peut-\u00eatre mieux \u00e9viter de le raconter \u00e0 une personne non proche.<\/p>\n<p>Je vous invite donc \u00e0 partager vos r\u00eaves avec vos proches, et voyez tout le bien que \u00e7a apporte aux amis, familles ou coll\u00e8gues et \u00e0 vous-m\u00eame.<br \/>\nTestez et vous m&rsquo;en direz des nouvelles! \ud83d\ude42<\/p>\n","protected":false},"excerpt":{"rendered":"<p>C&rsquo;est la question que je me suis pos\u00e9e avant de dormir. Avec toute la volont\u00e9 qu&rsquo;on a, de vouloir une r\u00e9ponse la nuit, ce n&rsquo;est pas toujours \u00e9vident. Mon r\u00eave disait : J&rsquo;ai mal \u00e0 ma dent en haut c\u00f4t\u00e9 droit. Elle s&rsquo;appelle Fran\u00e7ois. Il faut dire que mon moi int\u00e9rieur est tr\u00e8s blagueur! \ud83d\ude42 [&hellip;]<\/p>\n","protected":false},"author":1,"featured_media":0,"comment_status":"open","ping_status":"open","sticky":false,"template":"","format":"standard","meta":{"footnotes":""},"categories":[3,8],"tags":[],"class_list":["post-52","post","type-post","status-publish","format-standard","hentry","category-reve-nocturne","category-rire-ensemble"],"_links":{"self":[{"href":"https:\/\/www.ecoutetoirever.fr\/blog\/wp-json\/wp\/v2\/posts\/52","targetHints":{"allow":["GET"]}}],"collection":[{"href":"https:\/\/www.ecoutetoirever.fr\/blog\/wp-json\/wp\/v2\/posts"}],"about":[{"href":"https:\/\/www.ecoutetoirever.fr\/blog\/wp-json\/wp\/v2\/types\/post"}],"author":[{"embeddable":true,"href":"https:\/\/www.ecoutetoirever.fr\/blog\/wp-json\/wp\/v2\/users\/1"}],"replies":[{"embeddable":true,"href":"https:\/\/www.ecoutetoirever.fr\/blog\/wp-json\/wp\/v2\/comments?post=52"}],"version-history":[{"count":5,"href":"https:\/\/www.ecoutetoirever.fr\/blog\/wp-json\/wp\/v2\/posts\/52\/revisions"}],"predecessor-version":[{"id":131,"href":"https:\/\/www.ecoutetoirever.fr\/blog\/wp-json\/wp\/v2\/posts\/52\/revisions\/131"}],"wp:attachment":[{"href":"https:\/\/www.ecoutetoirever.fr\/blog\/wp-json\/wp\/v2\/media?parent=52"}],"wp:term":[{"taxonomy":"category","embeddable":true,"href":"https:\/\/www.ecoutetoirever.fr\/blog\/wp-json\/wp\/v2\/categories?post=52"},{"taxonomy":"post_tag","embeddable":true,"href":"https:\/\/www.ecoutetoirever.fr\/blog\/wp-json\/wp\/v2\/tags?post=52"}],"curies":[{"name":"wp","href":"https:\/\/api.w.org\/{rel}","templated":true}]}}