{"id":576,"date":"2019-03-02T15:58:35","date_gmt":"2019-03-02T13:58:35","guid":{"rendered":"http:\/\/www.ecoutetoirever.fr\/blog\/?p=576"},"modified":"2019-03-05T10:26:25","modified_gmt":"2019-03-05T08:26:25","slug":"mauvais-reve-suicide-et-demon","status":"publish","type":"post","link":"https:\/\/www.ecoutetoirever.fr\/blog\/mauvais-reve-suicide-et-demon\/","title":{"rendered":"Mauvais r\u00eave : suicide et d\u00e9mon"},"content":{"rendered":"\n<p>Nuit brouill\u00e9e, tourment\u00e9e.&nbsp;<br>Voici ce que mon r\u00eave me montre :<\/p>\n\n\n\n<figure class=\"wp-block-image\"><img loading=\"lazy\" decoding=\"async\" width=\"960\" height=\"543\" src=\"http:\/\/www.ecoutetoirever.fr\/blog\/wp-content\/uploads\/2019\/03\/demon-fantaisie.jpg\" alt=\"\" class=\"wp-image-604\" srcset=\"https:\/\/www.ecoutetoirever.fr\/blog\/wp-content\/uploads\/2019\/03\/demon-fantaisie.jpg 960w, https:\/\/www.ecoutetoirever.fr\/blog\/wp-content\/uploads\/2019\/03\/demon-fantaisie-300x170.jpg 300w, https:\/\/www.ecoutetoirever.fr\/blog\/wp-content\/uploads\/2019\/03\/demon-fantaisie-768x434.jpg 768w\" sizes=\"auto, (max-width: 960px) 100vw, 960px\" \/><\/figure>\n\n\n\n<p>&#8211; Je suis en week end avec un groupe d\u2019amis. Je vois une copine que j\u2019aime regarder car elle est jolie. Elle s\u2019approche de moi et son visage a, au dessus d\u2019elle comme un visage transparent d\u00e9moniaque. Elle m\u2019harc\u00e8le. Je sens que je dois m\u2019\u00e9loigner d\u2019elle.<br>Une amie que j\u2019adore est contente de me voir. Elle veut se suicider \u00e0 cause de moi. Elle joue sur ma culpabilit\u00e9 et veut se suicider devant mes yeux. Je la sens tr\u00e8s n\u00e9gative et je ne veux pas la voir. Je demande aux gar\u00e7ons de me s\u00e9parer d\u2019elle mais elle cherche \u00e0 \u00eatre devant moi. 3 gar\u00e7ons sont l\u00e0 pour nous s\u00e9parer. Je ne sens pas bien.<\/p>\n\n\n\n<p>Fin du r\u00eave<br>\u2014\u2014\u2014\u2014\u2014\u2014<br>J ai tr\u00e8s mal dormi. Les douleurs ne m\u2019ont pas aid\u00e9e \u00e0 avoir une nuit tr\u00e8s reposante. J\u2019ai test\u00e9 hier l\u2019accupression du visage, pieds et oreilles. Le th\u00e9rapeute m\u2019a confirm\u00e9 que j\u2019\u00e9tais en inflammation sur diff\u00e9rentes parties du corps juste en stimulant des points du visage et pied! Fascinant!<br>Mon corps \u00e9tant habitu\u00e9 aux douleurs, j\u2019ai l\u2019impression de moins les sentir. L\u2019acupuncture a comme remis des choses en places. Niveau \u00e9nerg\u00e9tique je sens une meilleure circulation globale du corps, une temp\u00e9rature du corps plus \u00e9lev\u00e9e, et un travail du corps inhabituel et dans le bon sens!<\/p>\n\n\n\n<p>Ce n\u2019est pas mon genre de raconter mes douleurs publiquement&#8230; et pourquoi je raconte \u00e7a?<br>Parce que mon r\u00eave tourne mal. Ces 2 copines que j\u2019appr\u00e9cie \u00e9norm\u00e9ment deviennent quasiment des d\u00e9mons. (D\u2019ailleurs je vous d\u00e9conseille de raconter vos r\u00eaves n\u00e9gatifs aux personnes concern\u00e9es, elles pourraient le prendre comme une critique personnelle.).<\/p>\n\n\n\n<p><strong>Les 2 points n\u00e9gatifs du r\u00eave, tu les vois?<br><\/strong>Le <em>suicide <\/em>et le <em>visage de d\u00e9mon<\/em>&#8230;<\/p>\n\n\n\n<p>D\u00e9cortiquons.<\/p>\n\n\n\n<p>Le <em>suicide<\/em>&#8230; c\u2019est un \u00e9pisode r\u00e9cent de ma vie qui m\u2019a travaill\u00e9. Je pensais que la vie \u00e9tait solide et j ai pu constat\u00e9 que la vie pouvait basculer en peu de temps. Je pensais avoir r\u00e9solu ce point l\u00e0. Or<strong> il semble r\u00e9veiller encore quelque chose en moi<\/strong>. (A chacun son rythme, ce n\u2019est pas un th\u00e8me ais\u00e9 \u00e0 aborder).<br>Pour voir la vid\u00e9o o\u00f9 j\u2019en parle :&nbsp;<br><a rel=\"noreferrer noopener\" href=\"https:\/\/l.facebook.com\/l.php?u=http%3A%2F%2Fwww.ecoutetoirever.fr%2Fblog%2Frespecte-toi-aime-toi-ne-pas-etre-coupable-pour-les-autres-etre-responsable-de-sa-vie%2F%3Ffbclid%3DIwAR0uWUUmf9SBBmu2_bUp7jMjDyPbZ9qujOBatMrAaCHi8cfQgg_wD0EZ3fE&amp;h=AT26sRzSF1KHGDeTyts8cKBnx6EYVSrsi3BliJXIvgUIjXbewO1nCqSl51EEM5HMrbto6wLdWfTvJPVGM8ifCD-d8S_QCtmU6SG0XdrjETQmrtPd6Iq9SBjvjNaP4ugPddpjSXgSnSMxKZLs84wb34HfrkY\" target=\"_blank\">http:\/\/www.ecoutetoirever.fr\/\u2026\/respecte-toi-aime-toi-ne-pa\u2026\/<\/a><\/p>\n\n\n\n<p>Quand je pense \u00e0 \u201c<em>suicide<\/em>\u201d, je pense \u00e0 des rat\u00e9s de la vie (dans le sens de \u201cse tromper\u201d et non pas \u00e0 des personnes), \u00e0 un moment irr\u00e9cup\u00e9rable , \u00e0 des gens qui <em>perdent go\u00fbt \u00e0 la vie<\/em>. Or la vie n\u2019est pas un attachement \u00e0 une seule chose.<br>Quand je pense au mot \u201csuicide\u201d, je pense \u00e0 cette id\u00e9e noire dans ma t\u00eate qui me dit des fois que <em>mes douleurs pourraient s\u2019arr\u00eater avec la mort<\/em>.&nbsp;<br>(Je te rassure, c\u2019est juste une id\u00e9e passag\u00e8re, rien de plus! J\u2019ai encore tellement de r\u00eaves \u00e0 raconter&nbsp;&#x1f601;.)<\/p>\n\n\n\n<p>En d\u00e9veloppant ces id\u00e9es \u00e0 partir de mot cl\u00e9 du r\u00eave. <strong>Je touche des points sensibles que je sens profonde en moi.<\/strong><br><strong>Ca r\u00e9sonne en moi quand je l\u2019\u00e9cris. Je ne peux pas nier le message. Les larmes me montent aux yeux. <\/strong>\u00c7a me parle tellement quand je prends le temps d\u2019y penser et de l\u2019\u00e9crire.&nbsp;<br><em>Je dois \u00eatre \u00e0 l\u2019\u00e9coute de mon corps, admettre et accepter du repos.<\/em><\/p>\n\n\n\n<p><em>Le visage du d\u00e9mon&#8230;&nbsp;<br><\/em>Ce visage transparent n\u2019est pas naturel. Il se met devant un visage de joie. Ce sont bien l\u00e0, les paroles du d\u00e9mon, cette id\u00e9e de mourir pour ne plus souffrir. Id\u00e9e \u00e9voqu\u00e9e par mon amie et \u00e9galement ma r\u00e9f\u00e9rence au dessus. Message du d\u00e9mon.<br>C\u2019est reconna\u00eetre que derri\u00e8re certaines pens\u00e9es n\u00e9gatives, elles ne viennent pas de moi, et viennent du \u201cd\u00e9mon\u201d, ou de la petite voix n\u00e9gative en moi, et qui n\u2019est pas moi.<br><em>Sais tu reconna\u00eetre cette petite voix n\u00e9gative en toi?<\/em><\/p>\n\n\n\n<p>Quand j\u2019ai des douleurs fortes, sur plusieurs jours, que \u00e7a m\u2019emp\u00eache de dormir, de me reposer, et surtout de r\u00eaver, j\u2019en arrive \u00e0 cette pens\u00e9e forte de cesser la douleur, rapidement. Et je me rappelle qu\u2019elle est <strong>passag\u00e8re <\/strong>et que je dois <strong>prendre mon mal en patience<\/strong>&#8230;<\/p>\n\n\n\n<p>Tiens!? <em><strong>Patience<\/strong><\/em>?<\/p>\n\n\n\n<p>Hier je parlais de patience et comment trouver une solution \u00e0 mes impatiences? Je crois y avoir r\u00e9pondu \u00e0 l\u2019instant! Prendre mon mal en patience, li\u00e9 au temps. Attendre. \u00c7a r\u00e9pond \u00e0 <strong>plusieurs questions<\/strong> que je me posais hier!<\/p>\n\n\n\n<p>Tout ce que je livre l\u00e0 est tr\u00e8s personnel, et <em>c\u2019est le pouvoir des r\u00eaves<\/em>. <strong>Plonger au c\u0153ur de soi-m\u00eame pour mieux se comprendre.<br>C\u2019est aussi oser regarder au plus profond de soi, aussi bien sa part de lumi\u00e8re que sa part d\u2019ombre.<\/strong><br>Ici tu fais face \u00e0 ma part d\u2019ombre, tu sais, celle que peu de personnes osent montrer sur les r\u00e9seaux sociaux. La norme veut qu\u2019on soit tous heureux, beau, sexy, et parfait et sans gras.<br><strong>Qui choisit pour toi, qui tu devrais \u00eatre?<\/strong><\/p>\n\n\n\n<p><strong>Hippocrate <\/strong>a \u00e9crit un trait\u00e9 : <em>l\u2019Art de pr\u00e9voir les maladies du corps humain par l\u2019\u00e9tat du sommeil<\/em>.&nbsp;<br>Je pense aussi que<strong> les r\u00eaves peuvent montrer quelle partie du corps est \u00e0 soigner<\/strong>. Ici mon r\u00eave tourne au mauvais r\u00eave car mon corps souffre. Je n\u2019ai d\u2019ailleurs pas pu dormir toute la nuit. Tracass\u00e9e par divers sujet, je n\u2019ai <em>pas pu trouv\u00e9 le repos<\/em>. Noter comme ma derni\u00e8re phrase fait encore r\u00e9f\u00e9rence \u00e0 la <em>mort<\/em>. (Phrase non <em>pr\u00e9m\u00e9dit\u00e9<\/em>). D\u2019ailleurs le mot \u201c<em>pr\u00e9m\u00e9dit\u00e9<\/em>\u201d que je viens de choisir, se lie \u00e0 \u201cmeurtre pr\u00e9m\u00e9dit\u00e9 ?\u201d. Encore la notion de <em>mort<\/em>.<\/p>\n\n\n\n<p>En <strong>d\u00e9veloppement personnel<\/strong>, quand on veut changer, on parle de mort \u00e9galement. <strong>Un ancien toi qui meurt pour laisser place au nouveau toi.<\/strong><br>Ici mon r\u00eave parle peut \u00eatre de <strong>d\u00e9sir <\/strong>d\u2019\u00eatre soign\u00e9e et donc de faire mourir l\u2019ancienne moi. Un nouveau d\u00e9part, un autre cycle, une renaissance&#8230;<\/p>\n\n\n\n<p><strong>Est ce que tu comprends mieux ce que je fais des r\u00eaves? Vois tu leur utilit\u00e9? Est ce que tu vois comment tu peux utiliser tes r\u00eaves?<\/strong><\/p>\n","protected":false},"excerpt":{"rendered":"<p>Nuit brouill\u00e9e, tourment\u00e9e.&nbsp;Voici ce que mon r\u00eave me montre : &#8211; Je suis en week end avec un groupe d\u2019amis. Je vois une copine que j\u2019aime regarder car elle est jolie. Elle s\u2019approche de moi et son visage a, au dessus d\u2019elle comme un visage transparent d\u00e9moniaque. Elle m\u2019harc\u00e8le. Je sens que je dois m\u2019\u00e9loigner [&hellip;]<\/p>\n","protected":false},"author":1,"featured_media":604,"comment_status":"open","ping_status":"open","sticky":false,"template":"","format":"standard","meta":{"footnotes":""},"categories":[63,124,11,5,6,3],"tags":[147,76,130],"class_list":["post-576","post","type-post","status-publish","format-standard","has-post-thumbnail","hentry","category-developpement-personnel","category-mon-experience-personnelle","category-question-en-suspens","category-reve-de-problematique","category-reve-de-solution","category-reve-nocturne","tag-demon","tag-mort","tag-suicide"],"_links":{"self":[{"href":"https:\/\/www.ecoutetoirever.fr\/blog\/wp-json\/wp\/v2\/posts\/576","targetHints":{"allow":["GET"]}}],"collection":[{"href":"https:\/\/www.ecoutetoirever.fr\/blog\/wp-json\/wp\/v2\/posts"}],"about":[{"href":"https:\/\/www.ecoutetoirever.fr\/blog\/wp-json\/wp\/v2\/types\/post"}],"author":[{"embeddable":true,"href":"https:\/\/www.ecoutetoirever.fr\/blog\/wp-json\/wp\/v2\/users\/1"}],"replies":[{"embeddable":true,"href":"https:\/\/www.ecoutetoirever.fr\/blog\/wp-json\/wp\/v2\/comments?post=576"}],"version-history":[{"count":2,"href":"https:\/\/www.ecoutetoirever.fr\/blog\/wp-json\/wp\/v2\/posts\/576\/revisions"}],"predecessor-version":[{"id":605,"href":"https:\/\/www.ecoutetoirever.fr\/blog\/wp-json\/wp\/v2\/posts\/576\/revisions\/605"}],"wp:featuredmedia":[{"embeddable":true,"href":"https:\/\/www.ecoutetoirever.fr\/blog\/wp-json\/wp\/v2\/media\/604"}],"wp:attachment":[{"href":"https:\/\/www.ecoutetoirever.fr\/blog\/wp-json\/wp\/v2\/media?parent=576"}],"wp:term":[{"taxonomy":"category","embeddable":true,"href":"https:\/\/www.ecoutetoirever.fr\/blog\/wp-json\/wp\/v2\/categories?post=576"},{"taxonomy":"post_tag","embeddable":true,"href":"https:\/\/www.ecoutetoirever.fr\/blog\/wp-json\/wp\/v2\/tags?post=576"}],"curies":[{"name":"wp","href":"https:\/\/api.w.org\/{rel}","templated":true}]}}