{"id":676,"date":"2020-06-28T22:29:26","date_gmt":"2020-06-28T20:29:26","guid":{"rendered":"http:\/\/www.ecoutetoirever.fr\/blog\/?p=676"},"modified":"2020-12-28T17:04:59","modified_gmt":"2020-12-28T15:04:59","slug":"le-podcast-de-reves-est-sorti","status":"publish","type":"post","link":"https:\/\/www.ecoutetoirever.fr\/blog\/le-podcast-de-reves-est-sorti\/","title":{"rendered":"Le podcast de r\u00eaves est sorti!!"},"content":{"rendered":"\n<p>Bonjour!!<\/p>\n\n\n\n<p>Je suis ravie de vous annoncer la sortie du podcast sur lequel je travaille depuis un moment! L&rsquo;id\u00e9e de ce podcast est de <strong>pouvoir rendre les r\u00eaves accessible \u00e0 tous<\/strong>! Nous r\u00eavons tous! Et ce podcast est fortement susceptible de t&rsquo;int\u00e9resser! C&rsquo;est aussi l&rsquo;occasion de te montrer ce qu&rsquo;on peut faire avec un r\u00eave et tout \u00e7a li\u00e9 au <strong>d\u00e9veloppement personnel<\/strong>.<\/p>\n\n\n\n<figure class=\"wp-block-image\"><a href=\"https:\/\/smartlink.ausha.co\/aimedjy\" target=\"_blank\" rel=\"noopener noreferrer\"><img loading=\"lazy\" decoding=\"async\" width=\"500\" height=\"500\" src=\"http:\/\/www.ecoutetoirever.fr\/blog\/wp-content\/uploads\/2020\/06\/carr\u00e9-podcast-ETR.jpg\" alt=\"Ecoute Toi R\u00eaver le Podcast\" class=\"wp-image-678\" srcset=\"https:\/\/www.ecoutetoirever.fr\/blog\/wp-content\/uploads\/2020\/06\/carr\u00e9-podcast-ETR.jpg 500w, https:\/\/www.ecoutetoirever.fr\/blog\/wp-content\/uploads\/2020\/06\/carr\u00e9-podcast-ETR-150x150.jpg 150w, https:\/\/www.ecoutetoirever.fr\/blog\/wp-content\/uploads\/2020\/06\/carr\u00e9-podcast-ETR-300x300.jpg 300w\" sizes=\"auto, (max-width: 500px) 100vw, 500px\" \/><\/a><\/figure>\n\n\n\n<p>Il sera \u00e9galement question de cauchemar, de challenge, de msie en pratique, de r\u00e9flexions, d&rsquo;information sur le r\u00eave et le sommeil, mais aussi de voir mon exp\u00e9rience avec ma vraie vie! Le th\u00e8me des mauvais r\u00eave et des \u00e9motions fera aussi sont coming out.<\/p>\n\n\n\n<p>\n\nVous trouverez en avant premi\u00e8re ces podcasts sur diff\u00e9rentes plateformes, \u00e0 savoir : \n\n<\/p>\n\n\n\n<ul class=\"wp-block-list\"><li>Voir <a href=\"https:\/\/smartlink.ausha.co\/aimedjy\" target=\"_blank\" rel=\"noreferrer noopener\">tous les liens du podcast c&rsquo;est ici<\/a>.<\/li><li><a href=\"https:\/\/podcasts.apple.com\/us\/podcast\/ecoute-toi-r%C3%AAver\/id1520050034\" target=\"_blank\" rel=\"noreferrer noopener nofollow\" title=\"https:\/\/podcasts.apple.com\/us\/podcast\/ecoute-toi-r%C3%AAver\/id1520050034\">Ecoutez Ecoute Toi R\u00eaver sur Apple podcast<\/a><\/li><li>Sur <a href=\"https:\/\/podcast.ausha.co\/aimedjy\" target=\"_blank\" rel=\"noreferrer noopener\">Ausha, d\u00e8s sa sortie, le podcast des r\u00eaves est ici<\/a><\/li><li><a href=\"https:\/\/open.spotify.com\/show\/1Rxd5lWZovzP4MKroVIwJ7\" target=\"_blank\" rel=\"noreferrer noopener\">Le podcast Ecoute Toi R\u00eaver sur Spotify<\/a>,<\/li><li><a href=\"https:\/\/www.deezer.com\/show\/1413872\" target=\"_blank\" rel=\"noreferrer noopener\">Le podcast Ecoute Toi R\u00eaver sur  Deezer<\/a><\/li><li><a href=\"https:\/\/podcastaddict.com\/podcast\/3024432\" target=\"_blank\" rel=\"noreferrer noopener\">Le podcast Ecoute Toi R\u00eaver sur Podcast Addict, c&rsquo;est par ici<\/a><\/li><li><a href=\"https:\/\/www.youtube.com\/channel\/UCwTy0zAP3L-xJn9a7oaqzZw\">Podcast <\/a><a href=\"https:\/\/www.youtube.com\/channel\/UCwTy0zAP3L-xJn9a7oaqzZw\" target=\"_blank\" rel=\"noreferrer noopener\">ETR<\/a><a href=\"https:\/\/www.youtube.com\/channel\/UCwTy0zAP3L-xJn9a7oaqzZw\"> sur Youtube<\/a><\/li><li><a href=\"https:\/\/soundcloud.com\/ecoutetoirever\">Et aussi sur <\/a><a href=\"https:\/\/soundcloud.com\/ecoutetoirever\" target=\"_blank\" rel=\"noreferrer noopener\">ETR<\/a><a href=\"https:\/\/soundcloud.com\/ecoutetoirever\"> sur SoundCloud <\/a><\/li><\/ul>\n\n\n\n<p>N&rsquo;h\u00e9sitez pas \u00e0 mettre un pouce ou des \u00e9toiles pour m&rsquo;aider. Vraiment \u00e7a te prend 3 secondes et pour moi c&rsquo;est \u00e9norme, \u00e7a m&rsquo;aide \u00e0 \u00eatre mieux r\u00e9f\u00e9rencer et ainsi pouvoir partager \u00e0 plus grand monde ma passion.<br>Un commentaire est aussi le bienvenue! Je serais vraiment ravie de savoir ce que tu en penses, ce que tu as test\u00e9!<\/p>\n\n\n\n<p>D\u00e9j\u00e0 3 \u00e9pisodes sont sorties! Vite on fonce! <br>Le podcast est aussi disponible sur le c\u00f4t\u00e9 sur blog! Enjoy!<\/p>\n","protected":false},"excerpt":{"rendered":"<p>Bonjour!! Je suis ravie de vous annoncer la sortie du podcast sur lequel je travaille depuis un moment! L&rsquo;id\u00e9e de ce podcast est de pouvoir rendre les r\u00eaves accessible \u00e0 tous! Nous r\u00eavons tous! Et ce podcast est fortement susceptible de t&rsquo;int\u00e9resser! C&rsquo;est aussi l&rsquo;occasion de te montrer ce qu&rsquo;on peut faire avec un r\u00eave [&hellip;]<\/p>\n","protected":false},"author":1,"featured_media":678,"comment_status":"open","ping_status":"open","sticky":true,"template":"","format":"standard","meta":{"footnotes":""},"categories":[63,1,66],"tags":[73,173,51],"class_list":["post-676","post","type-post","status-publish","format-standard","has-post-thumbnail","hentry","category-developpement-personnel","category-non-classe","category-sommeil","tag-cauchemar","tag-podcast","tag-reve"],"_links":{"self":[{"href":"https:\/\/www.ecoutetoirever.fr\/blog\/wp-json\/wp\/v2\/posts\/676","targetHints":{"allow":["GET"]}}],"collection":[{"href":"https:\/\/www.ecoutetoirever.fr\/blog\/wp-json\/wp\/v2\/posts"}],"about":[{"href":"https:\/\/www.ecoutetoirever.fr\/blog\/wp-json\/wp\/v2\/types\/post"}],"author":[{"embeddable":true,"href":"https:\/\/www.ecoutetoirever.fr\/blog\/wp-json\/wp\/v2\/users\/1"}],"replies":[{"embeddable":true,"href":"https:\/\/www.ecoutetoirever.fr\/blog\/wp-json\/wp\/v2\/comments?post=676"}],"version-history":[{"count":6,"href":"https:\/\/www.ecoutetoirever.fr\/blog\/wp-json\/wp\/v2\/posts\/676\/revisions"}],"predecessor-version":[{"id":702,"href":"https:\/\/www.ecoutetoirever.fr\/blog\/wp-json\/wp\/v2\/posts\/676\/revisions\/702"}],"wp:featuredmedia":[{"embeddable":true,"href":"https:\/\/www.ecoutetoirever.fr\/blog\/wp-json\/wp\/v2\/media\/678"}],"wp:attachment":[{"href":"https:\/\/www.ecoutetoirever.fr\/blog\/wp-json\/wp\/v2\/media?parent=676"}],"wp:term":[{"taxonomy":"category","embeddable":true,"href":"https:\/\/www.ecoutetoirever.fr\/blog\/wp-json\/wp\/v2\/categories?post=676"},{"taxonomy":"post_tag","embeddable":true,"href":"https:\/\/www.ecoutetoirever.fr\/blog\/wp-json\/wp\/v2\/tags?post=676"}],"curies":[{"name":"wp","href":"https:\/\/api.w.org\/{rel}","templated":true}]}}