{"id":684,"date":"2020-07-05T11:08:07","date_gmt":"2020-07-05T09:08:07","guid":{"rendered":"http:\/\/www.ecoutetoirever.fr\/blog\/?p=684"},"modified":"2020-07-05T11:08:08","modified_gmt":"2020-07-05T09:08:08","slug":"lepisode-n3-du-podcast-ecoute-toi-rever-est-sorti-drame-familial","status":"publish","type":"post","link":"https:\/\/www.ecoutetoirever.fr\/blog\/lepisode-n3-du-podcast-ecoute-toi-rever-est-sorti-drame-familial\/","title":{"rendered":"L&rsquo;\u00e9pisode n\u00b03 du Podcast \u00ab\u00a0Ecoute Toi R\u00eaver\u00a0\u00bb est sorti : Drame familial"},"content":{"rendered":"\n<figure class=\"wp-block-image size-large\"><img loading=\"lazy\" decoding=\"async\" width=\"934\" height=\"572\" src=\"http:\/\/www.ecoutetoirever.fr\/blog\/wp-content\/uploads\/2020\/07\/image.png\" alt=\"\" class=\"wp-image-685\" srcset=\"https:\/\/www.ecoutetoirever.fr\/blog\/wp-content\/uploads\/2020\/07\/image.png 934w, https:\/\/www.ecoutetoirever.fr\/blog\/wp-content\/uploads\/2020\/07\/image-300x184.png 300w, https:\/\/www.ecoutetoirever.fr\/blog\/wp-content\/uploads\/2020\/07\/image-768x470.png 768w\" sizes=\"auto, (max-width: 934px) 100vw, 934px\" \/><\/figure>\n\n\n\n<p>Dans cet \u00e9pisode n\u00b03 de Ecoute toi R\u00eaver, j&rsquo;aborde le <strong>sujet du mauvais r\u00eave en vous montrant en direct ce que j&rsquo;en fais<\/strong>. Cette th\u00e9matique du <strong>drame familial<\/strong> peut nous toujours, de pr\u00e8s comme de loin, nous toucher.\u00a0<\/p>\n\n\n\n<iframe frameborder=\"0\" height=400px width=\"100%\" src=https:\/\/widget.ausha.co\/index.html?showId=y8A25f1xp240&#038;color=%2372238e&#038;v=2&#038;display=horizontal&#038;podcastId=blALehEM1d1j&#038;playlist=1 ><\/iframe>\n\n\n\n<p>&#x2753;Est ce que tu sais comment \u00e9tudier un mauvais r\u00eave ?\u00a0<\/p>\n\n\n\n<p>&#x2753;Est ce que tu as envie de voir \u00e0 quoi sert un mauvais r\u00eave et comment on fait pour l&rsquo;utiliser? <\/p>\n\n\n\n<p>Bonne \u00e9coute!\u00a0<\/p>\n\n\n\n<p>&#x1f60d; Si cet \u00e9pisode t&rsquo;a pl\u00fb ou que tu as pu en tirer des p\u00e9pites, n&rsquo;oublies pas de me laisser un commentaire! Tu m&rsquo;aideras \u00e0 me faire plus connaitre. &#x1f44d; <\/p>\n\n\n\n<p><em>Production, animation et r\u00e9alisation<\/em> : Marie Jo N.<\/p>\n\n\n\n<p><em>Musique <\/em>: La musique du podcast a \u00e9t\u00e9 compos\u00e9e sur mesure et achet\u00e9e par mes soins. Et c&rsquo;est le pianiste compositeur<strong> Maxime Pardo<\/strong> avec qui j&rsquo;ai eu la chance de collaborer! Il est extra!\u00a0<\/p>\n\n\n\n<p><em>Illustration <\/em>: Marie Jo N. <\/p>\n\n\n\n<p><em>Suivre Ecoute Toi R\u00eaver sur les r\u00e9seaux<\/em> : Instagram <strong>@EcouteToiRever<\/strong><\/p>\n\n\n\n<p>Si tu as des questions ou suggestions ou m&rsquo;envoyer un r\u00eave, tu peux m&rsquo;\u00e9crire via le formulaire de contact du blog.<\/p>\n","protected":false},"excerpt":{"rendered":"<p>Dans cet \u00e9pisode n\u00b03 de Ecoute toi R\u00eaver, j&rsquo;aborde le sujet du mauvais r\u00eave en vous montrant en direct ce que j&rsquo;en fais. Cette th\u00e9matique du drame familial peut nous toujours, de pr\u00e8s comme de loin, nous toucher.\u00a0 &#x2753;Est ce que tu sais comment \u00e9tudier un mauvais r\u00eave ?\u00a0 &#x2753;Est ce que tu as envie [&hellip;]<\/p>\n","protected":false},"author":1,"featured_media":0,"comment_status":"open","ping_status":"open","sticky":false,"template":"","format":"standard","meta":{"footnotes":""},"categories":[1],"tags":[],"class_list":["post-684","post","type-post","status-publish","format-standard","hentry","category-non-classe"],"_links":{"self":[{"href":"https:\/\/www.ecoutetoirever.fr\/blog\/wp-json\/wp\/v2\/posts\/684","targetHints":{"allow":["GET"]}}],"collection":[{"href":"https:\/\/www.ecoutetoirever.fr\/blog\/wp-json\/wp\/v2\/posts"}],"about":[{"href":"https:\/\/www.ecoutetoirever.fr\/blog\/wp-json\/wp\/v2\/types\/post"}],"author":[{"embeddable":true,"href":"https:\/\/www.ecoutetoirever.fr\/blog\/wp-json\/wp\/v2\/users\/1"}],"replies":[{"embeddable":true,"href":"https:\/\/www.ecoutetoirever.fr\/blog\/wp-json\/wp\/v2\/comments?post=684"}],"version-history":[{"count":1,"href":"https:\/\/www.ecoutetoirever.fr\/blog\/wp-json\/wp\/v2\/posts\/684\/revisions"}],"predecessor-version":[{"id":686,"href":"https:\/\/www.ecoutetoirever.fr\/blog\/wp-json\/wp\/v2\/posts\/684\/revisions\/686"}],"wp:attachment":[{"href":"https:\/\/www.ecoutetoirever.fr\/blog\/wp-json\/wp\/v2\/media?parent=684"}],"wp:term":[{"taxonomy":"category","embeddable":true,"href":"https:\/\/www.ecoutetoirever.fr\/blog\/wp-json\/wp\/v2\/categories?post=684"},{"taxonomy":"post_tag","embeddable":true,"href":"https:\/\/www.ecoutetoirever.fr\/blog\/wp-json\/wp\/v2\/tags?post=684"}],"curies":[{"name":"wp","href":"https:\/\/api.w.org\/{rel}","templated":true}]}}