{"id":70,"date":"2015-07-22T14:00:05","date_gmt":"2015-07-22T13:00:05","guid":{"rendered":"http:\/\/www.ecoutetoirever.fr\/blog\/?p=70"},"modified":"2016-03-27T22:55:50","modified_gmt":"2016-03-27T20:55:50","slug":"je-ne-me-souviens-daucun-reve-de-cette-nuit-comment-rattraper-ca","status":"publish","type":"post","link":"https:\/\/www.ecoutetoirever.fr\/blog\/je-ne-me-souviens-daucun-reve-de-cette-nuit-comment-rattraper-ca\/","title":{"rendered":"Je ne me souviens d&rsquo;aucun r\u00eave de cette nuit, comment rattraper \u00e7a?"},"content":{"rendered":"<p>Si ce matin, vous vous \u00eates r\u00e9veill\u00e9(e) pr\u00e9occup\u00e9, ou si on vous a r\u00e9veill\u00e9 brusquement ou qu&rsquo;on vous a perturb\u00e9, il n&rsquo;est pas trop tard pour se souvenir de vos songes!<\/p>\n<p><strong>Au cours de la journ\u00e9e<\/strong>, vous pourrez avoir <strong>des petits signes<\/strong> qui vont vous cr\u00e9er un d\u00e9clic du type \u00ab\u00a0Ah! Mais j&rsquo;ai r\u00eav\u00e9 de \u00e7a!\u00a0\u00bb.<br \/>\nFiez-vous \u00e0 votre <strong>intuition<\/strong>!<\/p>\n<p>Vous ressentirez des <strong>sentiments<\/strong> de ce genre :<\/p>\n<ul>\n<li>Du <strong>d\u00e9j\u00e0 vu<\/strong> + une question \u00ab\u00a0o\u00f9 \u00e7a?\u00a0\u00bb , \u00ab\u00a0quand \u00e7a?\u00a0\u00bb<\/li>\n<li>Comme une sorte d&rsquo;<strong>arr\u00eat sur image<\/strong>, sans savoir ce qui vous arr\u00eate, ni pourquoi<\/li>\n<li>Vous avez une <strong>forte envie<\/strong> : de manger, de faire quelque chose, de voir quelqu&rsquo;un, ou d&rsquo;avoir des nouvelles de quelqu&rsquo;un que vous n&rsquo;avez pas vu depuis longtemps<\/li>\n<li>Vous \u00eates comme <strong>attir\u00e9(e) sans savoir pourquoi<\/strong><\/li>\n<li>Vous \u00eates de <strong>mauvaise humeur<\/strong> : \u00e9nerv\u00e9(e), jaloux, triste, joyeuse&#8230;<\/li>\n<\/ul>\n<p>Laisser vagabonder vos pens\u00e9es et pr\u00eatez-y attention.<br \/>\nLorsque cela vous arrive, demandez-vous si vous l&rsquo;avez r\u00eav\u00e9, notez le vite sur un papier et essayer de d\u00e9rouler votre r\u00eave : \u00c9crivez le mot et d\u00e9crivez ce qui se passe autour de ce mot.<br \/>\nCette partie, n&rsquo;est pas la plus simple pour se souvenir de ses r\u00eaves.<br \/>\n<a href=\"http:\/\/www.ecoutetoirever.fr\/blog\/wp-content\/uploads\/2015\/07\/cigarette.jpg\"><img loading=\"lazy\" decoding=\"async\" class=\" wp-image-98 alignleft\" src=\"http:\/\/www.ecoutetoirever.fr\/blog\/wp-content\/uploads\/2015\/07\/cigarette.jpg\" alt=\"envie de fumer?\" width=\"288\" height=\"218\" \/><\/a>Je me souviens d&rsquo;une journ\u00e9e, o\u00f9 j&rsquo;avais vraiment tr\u00e8s envie de fumer&#8230; Pourtant je n&rsquo;ai jamais fum\u00e9 de ma vie.<br \/>\nJe ressentais une forte attirance pour la cigarette, et je ne le comprenais pas. Respirer la fum\u00e9e de cigarette, diminuait cette envie, et, \u00e9tant asthmatique, la fum\u00e9e c&rsquo;est pas vraiment mon truc. Dans la journ\u00e9e, je remarquais des comportements anormaux. Je prenais des crayons entre mes doigts comme une cigarette et je le portais \u00e0 ma bouche, et je tirais comme des bouff\u00e9es. Lorsque je voyais un paquet de cigarette, j&rsquo;\u00e9tais fix\u00e9e dessus, int\u00e9rieurement je bavais!<br \/>\nC&rsquo;\u00e9tait tout mon corps et mon esprit qui r\u00e9agissait!<br \/>\nLe pire, c&rsquo;est de ne pas savoir pourquoi on a un comportement si anormal. C&rsquo;\u00e9tait contraire \u00e0 mes d\u00e9cisions d&rsquo;hygi\u00e8ne de vie. Une fois que j&rsquo;ai pu identifi\u00e9 l&rsquo;origine du probl\u00e8me, tout s&rsquo;est calm\u00e9.<\/p>\n<p>Je me souvenais seulement que j&rsquo;ai fum\u00e9 dans mon r\u00eave, mais pas plus&#8230;<\/p>\n<p>Si vous aussi, vous avez v\u00e9cu de telles exp\u00e9riences ou si vous avez d&rsquo;autres astuces, n&rsquo;h\u00e9sitez pas les partager!<\/p>\n<p style=\"font-size: 11px;\">Merci Lily \ud83d\ude42<\/p>\n","protected":false},"excerpt":{"rendered":"<p>Si ce matin, vous vous \u00eates r\u00e9veill\u00e9(e) pr\u00e9occup\u00e9, ou si on vous a r\u00e9veill\u00e9 brusquement ou qu&rsquo;on vous a perturb\u00e9, il n&rsquo;est pas trop tard pour se souvenir de vos songes! Au cours de la journ\u00e9e, vous pourrez avoir des petits signes qui vont vous cr\u00e9er un d\u00e9clic du type \u00ab\u00a0Ah! Mais j&rsquo;ai r\u00eav\u00e9 de [&hellip;]<\/p>\n","protected":false},"author":1,"featured_media":98,"comment_status":"open","ping_status":"open","sticky":false,"template":"","format":"standard","meta":{"footnotes":""},"categories":[1,53,3,4],"tags":[],"class_list":["post-70","post","type-post","status-publish","format-standard","has-post-thumbnail","hentry","category-non-classe","category-photoshop","category-reve-nocturne","category-technique-pour-se-souvenir"],"_links":{"self":[{"href":"https:\/\/www.ecoutetoirever.fr\/blog\/wp-json\/wp\/v2\/posts\/70","targetHints":{"allow":["GET"]}}],"collection":[{"href":"https:\/\/www.ecoutetoirever.fr\/blog\/wp-json\/wp\/v2\/posts"}],"about":[{"href":"https:\/\/www.ecoutetoirever.fr\/blog\/wp-json\/wp\/v2\/types\/post"}],"author":[{"embeddable":true,"href":"https:\/\/www.ecoutetoirever.fr\/blog\/wp-json\/wp\/v2\/users\/1"}],"replies":[{"embeddable":true,"href":"https:\/\/www.ecoutetoirever.fr\/blog\/wp-json\/wp\/v2\/comments?post=70"}],"version-history":[{"count":7,"href":"https:\/\/www.ecoutetoirever.fr\/blog\/wp-json\/wp\/v2\/posts\/70\/revisions"}],"predecessor-version":[{"id":132,"href":"https:\/\/www.ecoutetoirever.fr\/blog\/wp-json\/wp\/v2\/posts\/70\/revisions\/132"}],"wp:featuredmedia":[{"embeddable":true,"href":"https:\/\/www.ecoutetoirever.fr\/blog\/wp-json\/wp\/v2\/media\/98"}],"wp:attachment":[{"href":"https:\/\/www.ecoutetoirever.fr\/blog\/wp-json\/wp\/v2\/media?parent=70"}],"wp:term":[{"taxonomy":"category","embeddable":true,"href":"https:\/\/www.ecoutetoirever.fr\/blog\/wp-json\/wp\/v2\/categories?post=70"},{"taxonomy":"post_tag","embeddable":true,"href":"https:\/\/www.ecoutetoirever.fr\/blog\/wp-json\/wp\/v2\/tags?post=70"}],"curies":[{"name":"wp","href":"https:\/\/api.w.org\/{rel}","templated":true}]}}