{"id":1,"name":"AimeDjy","url":"http:\/\/www.ecoutetoirever.fr\/","description":"Passionn\u00e9e par les r\u00eaves depuis une vingtaine d'ann\u00e9es. A l'\u00e9coute de moi, je ressens l'envie de partager avec vous cette force int\u00e9rieure, cette \u00e9coute de soi.\r\nEn juillet 2015, ce blog est cr\u00e9\u00e9 afin de vous aider \u00e0 am\u00e9liorer votre vie au quotidien gr\u00e2ce aux r\u00eaves et \u00e0 leur compr\u00e9hension.\r\nEcoutez-vous R\u00eaver :)","link":"https:\/\/www.ecoutetoirever.fr\/blog\/author\/etraimedjy\/","slug":"etraimedjy","avatar_urls":{"24":"https:\/\/secure.gravatar.com\/avatar\/c8e6d590eef55b411aef4d49c4016f450f26ebb2a19b0e319bd6c76d0146804a?s=24&d=wp_user_avatar&r=g","48":"https:\/\/secure.gravatar.com\/avatar\/c8e6d590eef55b411aef4d49c4016f450f26ebb2a19b0e319bd6c76d0146804a?s=48&d=wp_user_avatar&r=g","96":"https:\/\/secure.gravatar.com\/avatar\/c8e6d590eef55b411aef4d49c4016f450f26ebb2a19b0e319bd6c76d0146804a?s=96&d=wp_user_avatar&r=g"},"meta":[],"_links":{"self":[{"href":"https:\/\/www.ecoutetoirever.fr\/blog\/wp-json\/wp\/v2\/users\/1","targetHints":{"allow":["GET"]}}],"collection":[{"href":"https:\/\/www.ecoutetoirever.fr\/blog\/wp-json\/wp\/v2\/users"}]}}